{"id":673,"date":"2013-10-27T13:34:46","date_gmt":"2013-10-27T11:34:46","guid":{"rendered":"http:\/\/www.amicidiriccardo.it\/?p=673"},"modified":"2017-10-25T14:56:09","modified_gmt":"2017-10-25T12:56:09","slug":"un-piccolo-gesto-di-solidarieta-3","status":"publish","type":"post","link":"https:\/\/amicidiriccardo.it\/?p=673","title":{"rendered":"Un piccolo gesto di solidariet\u00e0"},"content":{"rendered":"<p>L\u2019Associazione<strong>\u00a0Amici di Riccardo Domenici<\/strong>\u00a0 ha deciso di continuare ad aiutare, anche per l\u2019anno 2014, una famiglia in difficolt\u00e0 economica, sostenendo i costi delle terapie riabilitative indispensabili alla loro bambina affetta da disabilit\u00e0 motoria.<br \/>\nEnorme gratitudine \u00e8 stata espressa dai giovani genitori\u00a0che attraverso questo\u00a0 piccolo gesto di solidariet\u00e0 iniziato a febbraio\u00a0del 2013,\u00a0possono far continuare il programma riabilitativo alla loro piccola la quale\u00a0in questi mesi di\u00a0terapie,\u00a0ha maturato notevoli progressi. L&#8217;augurio \u00e8 che\u00a0di ulteriori\u00a0se ne\u00a0possano\u00a0 aggiungere a quelli finora ottenuti.<\/p>\n","protected":false},"excerpt":{"rendered":"<p>L\u2019Associazione\u00a0Amici di Riccardo Domenici\u00a0 ha deciso di continuare ad aiutare, anche per l\u2019anno 2014, una famiglia in difficolt\u00e0 economica, sostenendo i costi delle terapie riabilitative indispensabili alla loro bambina affetta da disabilit\u00e0 motoria. Enorme gratitudine \u00e8 stata espressa dai giovani genitori\u00a0che attraverso questo\u00a0 piccolo gesto di solidariet\u00e0 iniziato a febbraio\u00a0del 2013,\u00a0possono far continuare il programma [&hellip;]<\/p>\n","protected":false},"author":4,"featured_media":0,"comment_status":"closed","ping_status":"closed","sticky":false,"template":"","format":"standard","meta":{"ngg_post_thumbnail":0,"footnotes":""},"categories":[7],"tags":[],"class_list":{"0":"post-673","1":"post","2":"type-post","3":"status-publish","4":"format-standard","6":"category-news","7":"czr-hentry"},"_links":{"self":[{"href":"https:\/\/amicidiriccardo.it\/index.php?rest_route=\/wp\/v2\/posts\/673","targetHints":{"allow":["GET"]}}],"collection":[{"href":"https:\/\/amicidiriccardo.it\/index.php?rest_route=\/wp\/v2\/posts"}],"about":[{"href":"https:\/\/amicidiriccardo.it\/index.php?rest_route=\/wp\/v2\/types\/post"}],"author":[{"embeddable":true,"href":"https:\/\/amicidiriccardo.it\/index.php?rest_route=\/wp\/v2\/users\/4"}],"replies":[{"embeddable":true,"href":"https:\/\/amicidiriccardo.it\/index.php?rest_route=%2Fwp%2Fv2%2Fcomments&post=673"}],"version-history":[{"count":1,"href":"https:\/\/amicidiriccardo.it\/index.php?rest_route=\/wp\/v2\/posts\/673\/revisions"}],"predecessor-version":[{"id":674,"href":"https:\/\/amicidiriccardo.it\/index.php?rest_route=\/wp\/v2\/posts\/673\/revisions\/674"}],"wp:attachment":[{"href":"https:\/\/amicidiriccardo.it\/index.php?rest_route=%2Fwp%2Fv2%2Fmedia&parent=673"}],"wp:term":[{"taxonomy":"category","embeddable":true,"href":"https:\/\/amicidiriccardo.it\/index.php?rest_route=%2Fwp%2Fv2%2Fcategories&post=673"},{"taxonomy":"post_tag","embeddable":true,"href":"https:\/\/amicidiriccardo.it\/index.php?rest_route=%2Fwp%2Fv2%2Ftags&post=673"}],"curies":[{"name":"wp","href":"https:\/\/api.w.org\/{rel}","templated":true}]}}