{"id":585,"date":"2015-01-27T12:40:10","date_gmt":"2015-01-27T10:40:10","guid":{"rendered":"http:\/\/www.amicidiriccardo.it\/?p=585"},"modified":"2017-10-25T14:53:40","modified_gmt":"2017-10-25T12:53:40","slug":"il-giorno-della-memoria-3","status":"publish","type":"post","link":"https:\/\/amicidiriccardo.it\/?p=585","title":{"rendered":"Il giorno della Memoria"},"content":{"rendered":"<p align=\"justify\">Per non dimenticare gli orrori perpetrati dagli uomini contro i propri simili.<\/p>\n<p align=\"justify\">\u201cSi immagini ora un uomo a cui, insieme con le persone amate, vengono tolti la sua casa, le sue abitudini, i suoi abiti, tutto infine, letteralmente tutto quanto possiede: sar\u00e0 un uomo vuoto, ridotto a sofferenza e bisogno, dimentico di dignit\u00e0 e discernimento, poich\u00e9 accade facilmente, a chi ha perso tutto, di perdere se stesso: tale quindi, che si potr\u00e0 a cuor leggero decidere della sua vita o morte al di fuori di ogni senso di affinit\u00e0 umana; nel caso pi\u00f9 fortunato, in base ad un giudizio di utilit\u00e0. Si comprender\u00e0 allora il duplice significato del termine \u201cCampo di annientamento\u201d, e sar\u00e0 chiaro che cosa intendiamo esprimere con questa frase: giacere sul fondo.\u201d\u00a0 (Da \u201cSe questo \u00e8 un uomo\u201d di\u00a0Primo Levi<\/p>\n","protected":false},"excerpt":{"rendered":"<p>Per non dimenticare gli orrori perpetrati dagli uomini contro i propri simili. \u201cSi immagini ora un uomo a cui, insieme con le persone amate, vengono tolti la sua casa, le sue abitudini, i suoi abiti, tutto infine, letteralmente tutto quanto possiede: sar\u00e0 un uomo vuoto, ridotto a sofferenza e bisogno, dimentico di dignit\u00e0 e discernimento, [&hellip;]<\/p>\n","protected":false},"author":4,"featured_media":0,"comment_status":"closed","ping_status":"closed","sticky":false,"template":"","format":"standard","meta":{"ngg_post_thumbnail":0,"footnotes":""},"categories":[7],"tags":[],"class_list":{"0":"post-585","1":"post","2":"type-post","3":"status-publish","4":"format-standard","6":"category-news","7":"czr-hentry"},"_links":{"self":[{"href":"https:\/\/amicidiriccardo.it\/index.php?rest_route=\/wp\/v2\/posts\/585","targetHints":{"allow":["GET"]}}],"collection":[{"href":"https:\/\/amicidiriccardo.it\/index.php?rest_route=\/wp\/v2\/posts"}],"about":[{"href":"https:\/\/amicidiriccardo.it\/index.php?rest_route=\/wp\/v2\/types\/post"}],"author":[{"embeddable":true,"href":"https:\/\/amicidiriccardo.it\/index.php?rest_route=\/wp\/v2\/users\/4"}],"replies":[{"embeddable":true,"href":"https:\/\/amicidiriccardo.it\/index.php?rest_route=%2Fwp%2Fv2%2Fcomments&post=585"}],"version-history":[{"count":1,"href":"https:\/\/amicidiriccardo.it\/index.php?rest_route=\/wp\/v2\/posts\/585\/revisions"}],"predecessor-version":[{"id":586,"href":"https:\/\/amicidiriccardo.it\/index.php?rest_route=\/wp\/v2\/posts\/585\/revisions\/586"}],"wp:attachment":[{"href":"https:\/\/amicidiriccardo.it\/index.php?rest_route=%2Fwp%2Fv2%2Fmedia&parent=585"}],"wp:term":[{"taxonomy":"category","embeddable":true,"href":"https:\/\/amicidiriccardo.it\/index.php?rest_route=%2Fwp%2Fv2%2Fcategories&post=585"},{"taxonomy":"post_tag","embeddable":true,"href":"https:\/\/amicidiriccardo.it\/index.php?rest_route=%2Fwp%2Fv2%2Ftags&post=585"}],"curies":[{"name":"wp","href":"https:\/\/api.w.org\/{rel}","templated":true}]}}