{"id":531,"date":"2016-01-27T10:14:51","date_gmt":"2016-01-27T08:14:51","guid":{"rendered":"http:\/\/www.amicidiriccardo.it\/?p=531"},"modified":"2017-10-27T18:31:00","modified_gmt":"2017-10-27T16:31:00","slug":"il-giorno-della-memoria-2","status":"publish","type":"post","link":"https:\/\/amicidiriccardo.it\/?p=531","title":{"rendered":"Il giorno della memoria"},"content":{"rendered":"<p><strong>Quello che \u00e8 accaduto non pu\u00f2 essere dimenticato, ma si pu\u00f2 impedire che accada di nuovo!<\/strong>\u00a0(dal\u00a0<strong>Diario di Anna Frank<\/strong>)<\/p>\n<div class=\"Preview\">\n<p align=\"justify\"><strong>La paura<\/strong><br \/>\nDi nuovo l\u2019orrore ha colpito il ghetto,<br \/>\nun male crudele che ne scaccia ogni altro.<br \/>\nLa morte, demone folle, brandisce una gelida falce<br \/>\nche decapita intorno le sue vittime.<br \/>\nI cuori dei padri battono oggi di paura<br \/>\ne le madri nascondono il viso nel grembo.<br \/>\nLa vipera del tifo strangola i bambini<br \/>\ne preleva le sue decime dal branco.<br \/>\nOggi il mio sangue pulsa ancora,<br \/>\nma i miei compagni mi muoiono accanto.<br \/>\nPiuttosto di vederli morire<br \/>\nvorrei io stesso trovare la morte.<br \/>\nMa no, mio Dio, noi vogliamo vivere!<br \/>\nNon vogliamo vuoti nelle nostre file.<br \/>\nIl mondo \u00e8 nostro e noi lo vogliamo migliore.<br \/>\nVogliamo fare qualcosa. E\u2019 vietato morire!<br \/>\n(<strong>Eva Pickov\u00e1<\/strong>\u00a0 morta il 18\/12\/1943 all&#8217;et\u00e0 di dodici anni)<\/p>\n<\/div>\n","protected":false},"excerpt":{"rendered":"<p>Quello che \u00e8 accaduto non pu\u00f2 essere dimenticato, ma si pu\u00f2 impedire che accada di nuovo!\u00a0(dal\u00a0Diario di Anna Frank) La paura Di nuovo l\u2019orrore ha colpito il ghetto, un male crudele che ne scaccia ogni altro. La morte, demone folle, brandisce una gelida falce che decapita intorno le sue vittime. I cuori dei padri battono [&hellip;]<\/p>\n","protected":false},"author":4,"featured_media":475,"comment_status":"closed","ping_status":"closed","sticky":false,"template":"","format":"standard","meta":{"ngg_post_thumbnail":0,"footnotes":""},"categories":[7],"tags":[],"class_list":{"0":"post-531","1":"post","2":"type-post","3":"status-publish","4":"format-standard","5":"has-post-thumbnail","7":"category-news","8":"czr-hentry"},"_links":{"self":[{"href":"https:\/\/amicidiriccardo.it\/index.php?rest_route=\/wp\/v2\/posts\/531","targetHints":{"allow":["GET"]}}],"collection":[{"href":"https:\/\/amicidiriccardo.it\/index.php?rest_route=\/wp\/v2\/posts"}],"about":[{"href":"https:\/\/amicidiriccardo.it\/index.php?rest_route=\/wp\/v2\/types\/post"}],"author":[{"embeddable":true,"href":"https:\/\/amicidiriccardo.it\/index.php?rest_route=\/wp\/v2\/users\/4"}],"replies":[{"embeddable":true,"href":"https:\/\/amicidiriccardo.it\/index.php?rest_route=%2Fwp%2Fv2%2Fcomments&post=531"}],"version-history":[{"count":1,"href":"https:\/\/amicidiriccardo.it\/index.php?rest_route=\/wp\/v2\/posts\/531\/revisions"}],"predecessor-version":[{"id":532,"href":"https:\/\/amicidiriccardo.it\/index.php?rest_route=\/wp\/v2\/posts\/531\/revisions\/532"}],"wp:featuredmedia":[{"embeddable":true,"href":"https:\/\/amicidiriccardo.it\/index.php?rest_route=\/wp\/v2\/media\/475"}],"wp:attachment":[{"href":"https:\/\/amicidiriccardo.it\/index.php?rest_route=%2Fwp%2Fv2%2Fmedia&parent=531"}],"wp:term":[{"taxonomy":"category","embeddable":true,"href":"https:\/\/amicidiriccardo.it\/index.php?rest_route=%2Fwp%2Fv2%2Fcategories&post=531"},{"taxonomy":"post_tag","embeddable":true,"href":"https:\/\/amicidiriccardo.it\/index.php?rest_route=%2Fwp%2Fv2%2Ftags&post=531"}],"curies":[{"name":"wp","href":"https:\/\/api.w.org\/{rel}","templated":true}]}}