{"id":4450,"date":"2024-12-20T15:45:29","date_gmt":"2024-12-20T13:45:29","guid":{"rendered":"https:\/\/amicidiriccardo.it\/?p=4450"},"modified":"2024-12-20T15:45:29","modified_gmt":"2024-12-20T13:45:29","slug":"un-aiuto-economico-a-famiglia-in-difficolta","status":"publish","type":"post","link":"https:\/\/amicidiriccardo.it\/?p=4450","title":{"rendered":"Un aiuto economico a famiglia in difficolt\u00e0"},"content":{"rendered":"<p>L\u2019associazione Amici di Riccardo Domenici, nella persona del suo Presidente, marted\u00ec 17 dicembre espresso la sua vicinanza, con una donazione in denaro, ad &nbsp;una famiglia della provincia di Perugia con cinque figli in et\u00e0 scolare, in seria difficolt\u00e0 economica&nbsp;<\/p>\n<p>La famiglia beneficiaria incontrata, \u00e8 stata individuata grazie alla collaborazione&nbsp; di alcune sensibili insegnanti&nbsp; attente ai bisogni altrui.<\/p>\n<p>Un piccolo gesto solidale attuato come sempre nel nome di Riccardo e dei suoi principi etici e morali, teso a portare un po\u2019 di gioia in queste festivit\u00e0 natalizie.<\/p>\n<p><img loading=\"lazy\" decoding=\"async\" class=\"alignnone size-full wp-image-4448\" src=\"https:\/\/amicidiriccardo.it\/wp-content\/uploads\/2024\/12\/aiuto-economico-a-famiglia-2024.jpg\" alt=\"\" width=\"960\" height=\"720\" srcset=\"https:\/\/amicidiriccardo.it\/wp-content\/uploads\/2024\/12\/aiuto-economico-a-famiglia-2024.jpg 960w, https:\/\/amicidiriccardo.it\/wp-content\/uploads\/2024\/12\/aiuto-economico-a-famiglia-2024-300x225.jpg 300w, https:\/\/amicidiriccardo.it\/wp-content\/uploads\/2024\/12\/aiuto-economico-a-famiglia-2024-768x576.jpg 768w\" sizes=\"auto, (max-width: 960px) 100vw, 960px\" \/><\/p>\n<p>&nbsp;<\/p>\n","protected":false},"excerpt":{"rendered":"<p>L\u2019associazione Amici di Riccardo Domenici, nella persona del suo Presidente, marted\u00ec 17 dicembre espresso la sua vicinanza, con una donazione in denaro, ad &nbsp;una famiglia della provincia di Perugia con cinque figli in et\u00e0 scolare, in seria difficolt\u00e0 economica&nbsp; La famiglia beneficiaria incontrata, \u00e8 stata individuata grazie alla collaborazione&nbsp; di alcune sensibili insegnanti&nbsp; attente ai [&hellip;]<\/p>\n","protected":false},"author":3,"featured_media":4448,"comment_status":"open","ping_status":"closed","sticky":false,"template":"","format":"standard","meta":{"ngg_post_thumbnail":0,"footnotes":""},"categories":[6],"tags":[18,21],"class_list":{"0":"post-4450","1":"post","2":"type-post","3":"status-publish","4":"format-standard","5":"has-post-thumbnail","7":"category-eventi","8":"tag-natale","9":"tag-solidarieta","10":"czr-hentry"},"_links":{"self":[{"href":"https:\/\/amicidiriccardo.it\/index.php?rest_route=\/wp\/v2\/posts\/4450","targetHints":{"allow":["GET"]}}],"collection":[{"href":"https:\/\/amicidiriccardo.it\/index.php?rest_route=\/wp\/v2\/posts"}],"about":[{"href":"https:\/\/amicidiriccardo.it\/index.php?rest_route=\/wp\/v2\/types\/post"}],"author":[{"embeddable":true,"href":"https:\/\/amicidiriccardo.it\/index.php?rest_route=\/wp\/v2\/users\/3"}],"replies":[{"embeddable":true,"href":"https:\/\/amicidiriccardo.it\/index.php?rest_route=%2Fwp%2Fv2%2Fcomments&post=4450"}],"version-history":[{"count":1,"href":"https:\/\/amicidiriccardo.it\/index.php?rest_route=\/wp\/v2\/posts\/4450\/revisions"}],"predecessor-version":[{"id":4451,"href":"https:\/\/amicidiriccardo.it\/index.php?rest_route=\/wp\/v2\/posts\/4450\/revisions\/4451"}],"wp:featuredmedia":[{"embeddable":true,"href":"https:\/\/amicidiriccardo.it\/index.php?rest_route=\/wp\/v2\/media\/4448"}],"wp:attachment":[{"href":"https:\/\/amicidiriccardo.it\/index.php?rest_route=%2Fwp%2Fv2%2Fmedia&parent=4450"}],"wp:term":[{"taxonomy":"category","embeddable":true,"href":"https:\/\/amicidiriccardo.it\/index.php?rest_route=%2Fwp%2Fv2%2Fcategories&post=4450"},{"taxonomy":"post_tag","embeddable":true,"href":"https:\/\/amicidiriccardo.it\/index.php?rest_route=%2Fwp%2Fv2%2Ftags&post=4450"}],"curies":[{"name":"wp","href":"https:\/\/api.w.org\/{rel}","templated":true}]}}