{"id":4442,"date":"2024-12-12T15:22:08","date_gmt":"2024-12-12T13:22:08","guid":{"rendered":"https:\/\/amicidiriccardo.it\/?p=4442"},"modified":"2024-12-12T15:27:41","modified_gmt":"2024-12-12T13:27:41","slug":"spesa-solidale-2024-2","status":"publish","type":"post","link":"https:\/\/amicidiriccardo.it\/?p=4442","title":{"rendered":"Spesa Solidale 2024"},"content":{"rendered":"<p>&nbsp;L\u2019<strong><em>associazione Amici di Riccardo Domenici<\/em><\/strong>,&nbsp; ha effettuato luned\u00ec 9 dicembre,&nbsp; presso il negozio di Madonna Alta di <strong>Coop Centro Italia<\/strong>, due importanti &nbsp;\u201cspesa solidali\u201d &#8211; costituita da prodotti&nbsp; alimentari&nbsp; vari (sia per adulti che per l\u2019infanzia) e&nbsp; prodotti per l\u2019igiene personale &#8211; destinandola a persone in difficolt\u00e0 economica e ai senza fissa dimora.<\/p>\n<p>Un piccolo gesto solidale &nbsp;attuato nel nome di Riccardo e dei suoi sentimenti di generosit\u00e0 verso il prossimo pi\u00f9 svantaggiato, allo scopo &nbsp;di portare un momento di gioia in occasione delle imminenti festivit\u00e0,&nbsp; nei cuori di coloro che stanno vivendo un fortissimo disagio.<\/p>\n<p><img loading=\"lazy\" decoding=\"async\" class=\"alignnone size-full wp-image-4439\" src=\"https:\/\/amicidiriccardo.it\/wp-content\/uploads\/2024\/12\/Spesa-solidale-2024.jpg\" alt=\"\" width=\"960\" height=\"720\"><\/p>\n<p>&nbsp;<\/p>\n","protected":false},"excerpt":{"rendered":"<p>&nbsp;L\u2019associazione Amici di Riccardo Domenici,&nbsp; ha effettuato luned\u00ec 9 dicembre,&nbsp; presso il negozio di Madonna Alta di Coop Centro Italia, due importanti &nbsp;\u201cspesa solidali\u201d &#8211; costituita da prodotti&nbsp; alimentari&nbsp; vari (sia per adulti che per l\u2019infanzia) e&nbsp; prodotti per l\u2019igiene personale &#8211; destinandola a persone in difficolt\u00e0 economica e ai senza fissa dimora. Un piccolo [&hellip;]<\/p>\n","protected":false},"author":3,"featured_media":4439,"comment_status":"open","ping_status":"closed","sticky":false,"template":"","format":"standard","meta":{"ngg_post_thumbnail":0,"footnotes":""},"categories":[6],"tags":[12,30,21],"class_list":{"0":"post-4442","1":"post","2":"type-post","3":"status-publish","4":"format-standard","5":"has-post-thumbnail","7":"category-eventi","8":"tag-amici-di-riccardo","9":"tag-amicizia","10":"tag-solidarieta","11":"czr-hentry"},"_links":{"self":[{"href":"https:\/\/amicidiriccardo.it\/index.php?rest_route=\/wp\/v2\/posts\/4442","targetHints":{"allow":["GET"]}}],"collection":[{"href":"https:\/\/amicidiriccardo.it\/index.php?rest_route=\/wp\/v2\/posts"}],"about":[{"href":"https:\/\/amicidiriccardo.it\/index.php?rest_route=\/wp\/v2\/types\/post"}],"author":[{"embeddable":true,"href":"https:\/\/amicidiriccardo.it\/index.php?rest_route=\/wp\/v2\/users\/3"}],"replies":[{"embeddable":true,"href":"https:\/\/amicidiriccardo.it\/index.php?rest_route=%2Fwp%2Fv2%2Fcomments&post=4442"}],"version-history":[{"count":2,"href":"https:\/\/amicidiriccardo.it\/index.php?rest_route=\/wp\/v2\/posts\/4442\/revisions"}],"predecessor-version":[{"id":4444,"href":"https:\/\/amicidiriccardo.it\/index.php?rest_route=\/wp\/v2\/posts\/4442\/revisions\/4444"}],"wp:featuredmedia":[{"embeddable":true,"href":"https:\/\/amicidiriccardo.it\/index.php?rest_route=\/wp\/v2\/media\/4439"}],"wp:attachment":[{"href":"https:\/\/amicidiriccardo.it\/index.php?rest_route=%2Fwp%2Fv2%2Fmedia&parent=4442"}],"wp:term":[{"taxonomy":"category","embeddable":true,"href":"https:\/\/amicidiriccardo.it\/index.php?rest_route=%2Fwp%2Fv2%2Fcategories&post=4442"},{"taxonomy":"post_tag","embeddable":true,"href":"https:\/\/amicidiriccardo.it\/index.php?rest_route=%2Fwp%2Fv2%2Ftags&post=4442"}],"curies":[{"name":"wp","href":"https:\/\/api.w.org\/{rel}","templated":true}]}}