{"id":426,"date":"2017-09-27T16:30:49","date_gmt":"2017-09-27T14:30:49","guid":{"rendered":"http:\/\/www.amicidiriccardo.it\/?p=426"},"modified":"2017-11-07T17:20:13","modified_gmt":"2017-11-07T15:20:13","slug":"a-scuola-con-riccardo-in-mali","status":"publish","type":"post","link":"https:\/\/amicidiriccardo.it\/?p=426","title":{"rendered":"&#8220;A scuola con Riccardo&#8221;(&#8230;in Mali)"},"content":{"rendered":"<p align=\"justify\">L\u2019Associazione\u00a0<strong>Amici i Riccardo Domenici<\/strong>\u00a0 ha deciso di avviare una iniziativa in\u00a0<strong>Africa<\/strong>\u00a0a sostegno della scolarizzazione dei bambini, con particolare attenzione a quella delle bambine, presso due villaggi in Mali.<\/p>\n<p align=\"justify\">Il progetto intitolato\u00a0<strong>\u201cA scuola con Riccardo\u201d<\/strong>\u00a0\u00e8 gi\u00e0 stato approvato dal\u00a0<strong>Sindaco<\/strong>\u00a0del\u00a0<strong>Comune Rurale di Cinzana<\/strong>\u00a0e partir\u00e0 agli inizi di ottobre, ovvero all\u2019avvio del nuovo anno scolastico.<br \/>\nLe scuole prescelte sono quella dei villaggi di<strong>\u00a0Kolongolana e di Kondio<\/strong>,\u00a0 con oltre 160 bambini, scelte per la pi\u00f9 numerosa presenza di femmine (circa 50%) e insegnanti maliane di sesso femminile.<\/p>\n<p align=\"justify\">Si ipotizza che il progetto prosegua per almeno 6 anni, tanti quanti costituiscono la durata della scolarizzazione di base: attraverso l\u2019intervento economico, l\u2019Associazione si prefigge l\u2019obiettivo di favorire e migliore la scolarizzazione soprattutto delle bambine, che spesso per motivi economici sono costrette a rinunciare anche alla istruzione elementare, oltre anche a favorire l\u2019insegnamento delle giovani maestre maliane.<\/p>\n<p align=\"justify\">L\u2019intervento comprende la messa a disposizione di materiale scolastico (banchi, lavagne, armadietti, zainetti, gessi, etc), oltre alla copertura della spesa per gli insegnanti, per la parte sostenuta oggi dalle famiglie.<\/p>\n<p align=\"justify\">Il progetto\u00a0<strong>\u201c A scuola con Riccardo\u201d<\/strong>, \u00e8 realizzato con la collaborazione della Fondazione eLand, che gi\u00e0 nel passato ha operato con vari interventi a sostegno delle comunit\u00e0 rurali del Mali.<\/p>\n","protected":false},"excerpt":{"rendered":"<p>L\u2019Associazione\u00a0Amici i Riccardo Domenici\u00a0 ha deciso di avviare una iniziativa in\u00a0Africa\u00a0a sostegno della scolarizzazione dei bambini, con particolare attenzione a quella delle bambine, presso due villaggi in Mali. Il progetto intitolato\u00a0\u201cA scuola con Riccardo\u201d\u00a0\u00e8 gi\u00e0 stato approvato dal\u00a0Sindaco\u00a0del\u00a0Comune Rurale di Cinzana\u00a0e partir\u00e0 agli inizi di ottobre, ovvero all\u2019avvio del nuovo anno scolastico. Le scuole prescelte [&hellip;]<\/p>\n","protected":false},"author":4,"featured_media":427,"comment_status":"closed","ping_status":"closed","sticky":true,"template":"","format":"standard","meta":{"ngg_post_thumbnail":0,"footnotes":""},"categories":[7],"tags":[],"class_list":{"0":"post-426","1":"post","2":"type-post","3":"status-publish","4":"format-standard","5":"has-post-thumbnail","7":"category-news","8":"czr-hentry"},"_links":{"self":[{"href":"https:\/\/amicidiriccardo.it\/index.php?rest_route=\/wp\/v2\/posts\/426","targetHints":{"allow":["GET"]}}],"collection":[{"href":"https:\/\/amicidiriccardo.it\/index.php?rest_route=\/wp\/v2\/posts"}],"about":[{"href":"https:\/\/amicidiriccardo.it\/index.php?rest_route=\/wp\/v2\/types\/post"}],"author":[{"embeddable":true,"href":"https:\/\/amicidiriccardo.it\/index.php?rest_route=\/wp\/v2\/users\/4"}],"replies":[{"embeddable":true,"href":"https:\/\/amicidiriccardo.it\/index.php?rest_route=%2Fwp%2Fv2%2Fcomments&post=426"}],"version-history":[{"count":1,"href":"https:\/\/amicidiriccardo.it\/index.php?rest_route=\/wp\/v2\/posts\/426\/revisions"}],"predecessor-version":[{"id":428,"href":"https:\/\/amicidiriccardo.it\/index.php?rest_route=\/wp\/v2\/posts\/426\/revisions\/428"}],"wp:featuredmedia":[{"embeddable":true,"href":"https:\/\/amicidiriccardo.it\/index.php?rest_route=\/wp\/v2\/media\/427"}],"wp:attachment":[{"href":"https:\/\/amicidiriccardo.it\/index.php?rest_route=%2Fwp%2Fv2%2Fmedia&parent=426"}],"wp:term":[{"taxonomy":"category","embeddable":true,"href":"https:\/\/amicidiriccardo.it\/index.php?rest_route=%2Fwp%2Fv2%2Fcategories&post=426"},{"taxonomy":"post_tag","embeddable":true,"href":"https:\/\/amicidiriccardo.it\/index.php?rest_route=%2Fwp%2Fv2%2Ftags&post=426"}],"curies":[{"name":"wp","href":"https:\/\/api.w.org\/{rel}","templated":true}]}}