{"id":3885,"date":"2021-12-28T15:23:29","date_gmt":"2021-12-28T13:23:29","guid":{"rendered":"https:\/\/www.amicidiriccardo.it\/?p=3885"},"modified":"2021-12-28T15:23:55","modified_gmt":"2021-12-28T13:23:55","slug":"aiuto-economico-a-famiglie-non-abbienti-2","status":"publish","type":"post","link":"https:\/\/amicidiriccardo.it\/?p=3885","title":{"rendered":"Aiuto economico a famiglie non abbienti."},"content":{"rendered":"<p>In concomitanza del periodo natalizio, l\u2019Associazione Amici di Riccardo Domenici ha voluto sostenere economicamente alcune famiglie bisognose di Perugia,&nbsp; allo scopo di alleviarne la difficolt\u00e0 economica gravata anche dalla pandemia ancora vigente sul paese.<\/p>\n<p>Un piccolo gesto di fraterna solidariet\u00e0 verso il prossimo pi\u00f9 svantaggiato scaturito dalla volont\u00e0 di perpetuare i sentimenti di Riccardo, sempre prodigo ad aiutare i pi\u00f9 bisognosi.<\/p>\n<p><a href=\"https:\/\/www.amicidiriccardo.it\/?attachment_id=3882\" rel=\"attachment wp-att-3882\"><img loading=\"lazy\" decoding=\"async\" class=\"aligncenter size-full wp-image-3882\" src=\"https:\/\/amicidiriccardo.it\/wp-content\/uploads\/2021\/12\/Aiuti-economici-a-famiglie-2021.jpg\" alt=\"\" width=\"960\" height=\"720\" srcset=\"https:\/\/amicidiriccardo.it\/wp-content\/uploads\/2021\/12\/Aiuti-economici-a-famiglie-2021.jpg 960w, https:\/\/amicidiriccardo.it\/wp-content\/uploads\/2021\/12\/Aiuti-economici-a-famiglie-2021-300x225.jpg 300w, https:\/\/amicidiriccardo.it\/wp-content\/uploads\/2021\/12\/Aiuti-economici-a-famiglie-2021-768x576.jpg 768w\" sizes=\"auto, (max-width: 960px) 100vw, 960px\" \/><\/a><\/p>\n","protected":false},"excerpt":{"rendered":"<p>In concomitanza del periodo natalizio, l\u2019Associazione Amici di Riccardo Domenici ha voluto sostenere economicamente alcune famiglie bisognose di Perugia,&nbsp; allo scopo di alleviarne la difficolt\u00e0 economica gravata anche dalla pandemia ancora vigente sul paese. Un piccolo gesto di fraterna solidariet\u00e0 verso il prossimo pi\u00f9 svantaggiato scaturito dalla volont\u00e0 di perpetuare i sentimenti di Riccardo, sempre [&hellip;]<\/p>\n","protected":false},"author":3,"featured_media":3882,"comment_status":"open","ping_status":"closed","sticky":false,"template":"","format":"standard","meta":{"ngg_post_thumbnail":0,"footnotes":""},"categories":[6],"tags":[12,30,18,21],"class_list":{"0":"post-3885","1":"post","2":"type-post","3":"status-publish","4":"format-standard","5":"has-post-thumbnail","7":"category-eventi","8":"tag-amici-di-riccardo","9":"tag-amicizia","10":"tag-natale","11":"tag-solidarieta","12":"czr-hentry"},"_links":{"self":[{"href":"https:\/\/amicidiriccardo.it\/index.php?rest_route=\/wp\/v2\/posts\/3885","targetHints":{"allow":["GET"]}}],"collection":[{"href":"https:\/\/amicidiriccardo.it\/index.php?rest_route=\/wp\/v2\/posts"}],"about":[{"href":"https:\/\/amicidiriccardo.it\/index.php?rest_route=\/wp\/v2\/types\/post"}],"author":[{"embeddable":true,"href":"https:\/\/amicidiriccardo.it\/index.php?rest_route=\/wp\/v2\/users\/3"}],"replies":[{"embeddable":true,"href":"https:\/\/amicidiriccardo.it\/index.php?rest_route=%2Fwp%2Fv2%2Fcomments&post=3885"}],"version-history":[{"count":2,"href":"https:\/\/amicidiriccardo.it\/index.php?rest_route=\/wp\/v2\/posts\/3885\/revisions"}],"predecessor-version":[{"id":3887,"href":"https:\/\/amicidiriccardo.it\/index.php?rest_route=\/wp\/v2\/posts\/3885\/revisions\/3887"}],"wp:featuredmedia":[{"embeddable":true,"href":"https:\/\/amicidiriccardo.it\/index.php?rest_route=\/wp\/v2\/media\/3882"}],"wp:attachment":[{"href":"https:\/\/amicidiriccardo.it\/index.php?rest_route=%2Fwp%2Fv2%2Fmedia&parent=3885"}],"wp:term":[{"taxonomy":"category","embeddable":true,"href":"https:\/\/amicidiriccardo.it\/index.php?rest_route=%2Fwp%2Fv2%2Fcategories&post=3885"},{"taxonomy":"post_tag","embeddable":true,"href":"https:\/\/amicidiriccardo.it\/index.php?rest_route=%2Fwp%2Fv2%2Ftags&post=3885"}],"curies":[{"name":"wp","href":"https:\/\/api.w.org\/{rel}","templated":true}]}}