{"id":3669,"date":"2021-05-07T14:56:46","date_gmt":"2021-05-07T12:56:46","guid":{"rendered":"https:\/\/www.amicidiriccardo.it\/?p=3669"},"modified":"2021-05-07T14:58:26","modified_gmt":"2021-05-07T12:58:26","slug":"nel-ricordo-di-riccardo","status":"publish","type":"post","link":"https:\/\/amicidiriccardo.it\/?p=3669","title":{"rendered":"Nel ricordo di RIccardo: 7 maggio 1996 &#8211; 7 maggio 2021"},"content":{"rendered":"<p>Grazie mio straordinario ragazzo, di cui ho sempre pi\u00f9 struggente nostalgia,<\/p>\n<p>per essere entrato un giorno di tanti anni fa, e non certo per caso, nella mia vita,<\/p>\n<p>colorandone i sogni e le speranze.<\/p>\n<p>Grazie Riccardo, per avermi istruito all\u2019amore: alla conoscenza della sua forza, della sua leggerezza,<\/p>\n<p>della sua immortalit\u00e0.<\/p>\n<p>Grazie amore mio, per continuare a indurmi&nbsp; alla speranza che la morte&nbsp; sia niente altro che<\/p>\n<p>l\u2019estuario di una nuova vita, pi\u00f9 amena, pi\u00f9 ridente dove, quando Dio lo vorr\u00e0,&nbsp; di nuovo&nbsp; ci<\/p>\n<p>incontreremo, perch\u00e9 la nostra storia, concepita dall\u2019amore e vissuta nell\u2019 amore, non&nbsp; potr\u00e0 mai<\/p>\n<p>esaurirsi, avere fine.<\/p>\n<p>Grazie, Signore, per avermi fatto dono di un figlio capace ancora di dare un senso alla mia esistenza\u2026nonostante tutto!<\/p>\n<p><a href=\"https:\/\/www.amicidiriccardo.it\/?attachment_id=3670\" rel=\"attachment wp-att-3670\"><img loading=\"lazy\" decoding=\"async\" class=\"alignnone size-full wp-image-3670\" src=\"https:\/\/amicidiriccardo.it\/wp-content\/uploads\/2021\/05\/anniversario-7-maggio-2021.jpg\" alt=\"\" width=\"960\" height=\"720\" srcset=\"https:\/\/amicidiriccardo.it\/wp-content\/uploads\/2021\/05\/anniversario-7-maggio-2021.jpg 960w, https:\/\/amicidiriccardo.it\/wp-content\/uploads\/2021\/05\/anniversario-7-maggio-2021-300x225.jpg 300w, https:\/\/amicidiriccardo.it\/wp-content\/uploads\/2021\/05\/anniversario-7-maggio-2021-768x576.jpg 768w\" sizes=\"auto, (max-width: 960px) 100vw, 960px\" \/><\/a><\/p>\n","protected":false},"excerpt":{"rendered":"<p>Grazie mio straordinario ragazzo, di cui ho sempre pi\u00f9 struggente nostalgia, per essere entrato un giorno di tanti anni fa, e non certo per caso, nella mia vita, colorandone i sogni e le speranze. Grazie Riccardo, per avermi istruito all\u2019amore: alla conoscenza della sua forza, della sua leggerezza, della sua immortalit\u00e0. Grazie amore mio, per [&hellip;]<\/p>\n","protected":false},"author":3,"featured_media":3670,"comment_status":"open","ping_status":"closed","sticky":false,"template":"","format":"standard","meta":{"ngg_post_thumbnail":0,"footnotes":""},"categories":[7],"tags":[12,30,24,25],"class_list":{"0":"post-3669","1":"post","2":"type-post","3":"status-publish","4":"format-standard","5":"has-post-thumbnail","7":"category-news","8":"tag-amici-di-riccardo","9":"tag-amicizia","10":"tag-anniversario","11":"tag-ricordo","12":"czr-hentry"},"_links":{"self":[{"href":"https:\/\/amicidiriccardo.it\/index.php?rest_route=\/wp\/v2\/posts\/3669","targetHints":{"allow":["GET"]}}],"collection":[{"href":"https:\/\/amicidiriccardo.it\/index.php?rest_route=\/wp\/v2\/posts"}],"about":[{"href":"https:\/\/amicidiriccardo.it\/index.php?rest_route=\/wp\/v2\/types\/post"}],"author":[{"embeddable":true,"href":"https:\/\/amicidiriccardo.it\/index.php?rest_route=\/wp\/v2\/users\/3"}],"replies":[{"embeddable":true,"href":"https:\/\/amicidiriccardo.it\/index.php?rest_route=%2Fwp%2Fv2%2Fcomments&post=3669"}],"version-history":[{"count":4,"href":"https:\/\/amicidiriccardo.it\/index.php?rest_route=\/wp\/v2\/posts\/3669\/revisions"}],"predecessor-version":[{"id":3673,"href":"https:\/\/amicidiriccardo.it\/index.php?rest_route=\/wp\/v2\/posts\/3669\/revisions\/3673"}],"wp:featuredmedia":[{"embeddable":true,"href":"https:\/\/amicidiriccardo.it\/index.php?rest_route=\/wp\/v2\/media\/3670"}],"wp:attachment":[{"href":"https:\/\/amicidiriccardo.it\/index.php?rest_route=%2Fwp%2Fv2%2Fmedia&parent=3669"}],"wp:term":[{"taxonomy":"category","embeddable":true,"href":"https:\/\/amicidiriccardo.it\/index.php?rest_route=%2Fwp%2Fv2%2Fcategories&post=3669"},{"taxonomy":"post_tag","embeddable":true,"href":"https:\/\/amicidiriccardo.it\/index.php?rest_route=%2Fwp%2Fv2%2Ftags&post=3669"}],"curies":[{"name":"wp","href":"https:\/\/api.w.org\/{rel}","templated":true}]}}