{"id":3533,"date":"2020-12-21T19:03:44","date_gmt":"2020-12-21T17:03:44","guid":{"rendered":"http:\/\/www.amicidiriccardo.it\/?p=3533"},"modified":"2020-12-21T19:21:44","modified_gmt":"2020-12-21T17:21:44","slug":"un-aiuto-economico-a-10-famiglie-di-perugia","status":"publish","type":"post","link":"https:\/\/amicidiriccardo.it\/?p=3533","title":{"rendered":"Un aiuto economico a 10 famiglie di Perugia"},"content":{"rendered":"<p>Tra le numerose iniziative di solidariet\u00e0 messe in atto in questo periodo natalizio, l\u2019Associazione&nbsp; Amici di Riccardo Domenici ha anche &nbsp;contribuito ad alleggerire le difficolt\u00e0 economiche &nbsp;di 10 famiglie in disagio, con una donazione in denaro.<\/p>\n<p>Anche questo intervento \u00e8 stato deciso per la straordinariet\u00e0 del periodo che il Paese sta attraversando ed \u00e8 stato concretamente possibile in virt\u00f9 del sostegno del generoso sponsor, la<a href=\"https:\/\/www.icar-web.it\/\" target=\"_blank\" rel=\"noopener\"> Icar di Bologna<\/a>,&nbsp; di cui abbiamo dato in precedenza notizia e che ancora una volta dobbiamo ringraziare.<\/p>\n<p>Il Presidente dell\u2019Associazione, Orietta Dolcetti Domenici, ha incontrato &nbsp;nei giorni scorsi le dieci famiglie beneficiarie, consegnando a ciascuna di esse il contributo, teso a rischiarare un momento di oscurit\u00e0 gravato dalla pandemia vigente.&nbsp;<\/p>\n<p>Complessivamente le donazioni sono ammontate ad alcune migliaia di euro.<\/p>\n<p>Le famiglie beneficiarie sono state individuate con la collaborazione di un proattivo Parroco e di alcune sensibili insegnanti.<\/p>\n<p>Le &nbsp;famiglie sono sia italiane che straniere, ovvero con diversi credi religiosi, ed hanno tutte bambini piccoli da far crescere o con portatori di disabilit\u00e0 bisognosi di terapie .<\/p>\n<p>Un piccolo contributo in un mare di bisogni \u2026 che tuttavia sarebbe piaciuto molto &nbsp;a chi come Riccardo ha sempre espresso sentimenti di amore fraterno verso il prossimo, specie quando pi\u00f9 fragile e pi\u00f9 debole.<\/p>\n<p style=\"text-align: center;\"><strong><em>\u201cCi\u00f2 che conta non \u00e8 fare molto \u2026 ma mettere molto amore in ci\u00f2 che si fa\u201d<\/em><\/strong><\/p>\n<p style=\"text-align: center;\">(Madre Teresa di Calcutta)<\/p>\n<p><a href=\"https:\/\/amicidiriccardo.it\/?attachment_id=3535\" rel=\"attachment wp-att-3535\"><img loading=\"lazy\" decoding=\"async\" class=\"alignnone wp-image-3535 size-full\" src=\"https:\/\/amicidiriccardo.it\/wp-content\/uploads\/2020\/12\/Solidarieta-2020.jpg\" alt=\"\" width=\"960\" height=\"720\" srcset=\"https:\/\/amicidiriccardo.it\/wp-content\/uploads\/2020\/12\/Solidarieta-2020.jpg 960w, https:\/\/amicidiriccardo.it\/wp-content\/uploads\/2020\/12\/Solidarieta-2020-300x225.jpg 300w, https:\/\/amicidiriccardo.it\/wp-content\/uploads\/2020\/12\/Solidarieta-2020-768x576.jpg 768w\" sizes=\"auto, (max-width: 960px) 100vw, 960px\" \/><\/a><\/p>\n","protected":false},"excerpt":{"rendered":"<p>Tra le numerose iniziative di solidariet\u00e0 messe in atto in questo periodo natalizio, l\u2019Associazione&nbsp; Amici di Riccardo Domenici ha anche &nbsp;contribuito ad alleggerire le difficolt\u00e0 economiche &nbsp;di 10 famiglie in disagio, con una donazione in denaro. Anche questo intervento \u00e8 stato deciso per la straordinariet\u00e0 del periodo che il Paese sta attraversando ed \u00e8 stato [&hellip;]<\/p>\n","protected":false},"author":3,"featured_media":3535,"comment_status":"open","ping_status":"closed","sticky":true,"template":"","format":"standard","meta":{"ngg_post_thumbnail":0,"footnotes":""},"categories":[7],"tags":[12,30,18,21],"class_list":{"0":"post-3533","1":"post","2":"type-post","3":"status-publish","4":"format-standard","5":"has-post-thumbnail","7":"category-news","8":"tag-amici-di-riccardo","9":"tag-amicizia","10":"tag-natale","11":"tag-solidarieta","12":"czr-hentry"},"_links":{"self":[{"href":"https:\/\/amicidiriccardo.it\/index.php?rest_route=\/wp\/v2\/posts\/3533","targetHints":{"allow":["GET"]}}],"collection":[{"href":"https:\/\/amicidiriccardo.it\/index.php?rest_route=\/wp\/v2\/posts"}],"about":[{"href":"https:\/\/amicidiriccardo.it\/index.php?rest_route=\/wp\/v2\/types\/post"}],"author":[{"embeddable":true,"href":"https:\/\/amicidiriccardo.it\/index.php?rest_route=\/wp\/v2\/users\/3"}],"replies":[{"embeddable":true,"href":"https:\/\/amicidiriccardo.it\/index.php?rest_route=%2Fwp%2Fv2%2Fcomments&post=3533"}],"version-history":[{"count":5,"href":"https:\/\/amicidiriccardo.it\/index.php?rest_route=\/wp\/v2\/posts\/3533\/revisions"}],"predecessor-version":[{"id":3539,"href":"https:\/\/amicidiriccardo.it\/index.php?rest_route=\/wp\/v2\/posts\/3533\/revisions\/3539"}],"wp:featuredmedia":[{"embeddable":true,"href":"https:\/\/amicidiriccardo.it\/index.php?rest_route=\/wp\/v2\/media\/3535"}],"wp:attachment":[{"href":"https:\/\/amicidiriccardo.it\/index.php?rest_route=%2Fwp%2Fv2%2Fmedia&parent=3533"}],"wp:term":[{"taxonomy":"category","embeddable":true,"href":"https:\/\/amicidiriccardo.it\/index.php?rest_route=%2Fwp%2Fv2%2Fcategories&post=3533"},{"taxonomy":"post_tag","embeddable":true,"href":"https:\/\/amicidiriccardo.it\/index.php?rest_route=%2Fwp%2Fv2%2Ftags&post=3533"}],"curies":[{"name":"wp","href":"https:\/\/api.w.org\/{rel}","templated":true}]}}