{"id":3206,"date":"2019-11-19T20:34:43","date_gmt":"2019-11-19T18:34:43","guid":{"rendered":"http:\/\/www.amicidiriccardo.it\/?p=3206"},"modified":"2019-11-20T15:49:06","modified_gmt":"2019-11-20T13:49:06","slug":"capodarco-in-musica5","status":"publish","type":"post","link":"https:\/\/amicidiriccardo.it\/?p=3206","title":{"rendered":"Capodarco in Musica#5"},"content":{"rendered":"\n<p>Il giorno 5 dicembre 2019 ore 18.00, nella sala Beato\nGiovanni II dell\u2019Oasi di S. Antonio in Perugia, le persone con disabilit\u00e0 psico\nfisica sensoriale accolte dalla Comunit\u00e0 di Capodarco porteranno in scena lo\nspettacolo musicale&nbsp; Capodarco in\nMusica#5. <\/p>\n\n\n\n<p>Lo spettacolo \u00e8 coordinato e diretto dalla Signora Barbara Abati.<\/p>\n\n\n\n<p>L\u2019Associazione Amici di Riccardo Domenici e la Comunit\u00e0 Capodarco di Perugia ONLUS\u00a0 invitano tutti a \u00a0prendere parte a questa iniziatica capace di divertire e suscitare grandi emozioni.<\/p>\n\n\n\n<figure class=\"wp-block-image size-large is-resized\"><img loading=\"lazy\" decoding=\"async\" src=\"https:\/\/amicidiriccardo.it\/wp-content\/uploads\/2019\/11\/Locandina-Capodarco-2019-small-1.jpg\" alt=\"\" class=\"wp-image-3210\" width=\"443\" height=\"645\" srcset=\"https:\/\/amicidiriccardo.it\/wp-content\/uploads\/2019\/11\/Locandina-Capodarco-2019-small-1.jpg 591w, https:\/\/amicidiriccardo.it\/wp-content\/uploads\/2019\/11\/Locandina-Capodarco-2019-small-1-206x300.jpg 206w\" sizes=\"auto, (max-width: 443px) 100vw, 443px\" \/><\/figure>\n","protected":false},"excerpt":{"rendered":"<p>Il giorno 5 dicembre 2019 ore 18.00, nella sala Beato Giovanni II dell\u2019Oasi di S. Antonio in Perugia, le persone con disabilit\u00e0 psico fisica sensoriale accolte dalla Comunit\u00e0 di Capodarco porteranno in scena lo spettacolo musicale&nbsp; Capodarco in Musica#5. Lo spettacolo \u00e8 coordinato e diretto dalla Signora Barbara Abati. L\u2019Associazione Amici di Riccardo Domenici e [&hellip;]<\/p>\n","protected":false},"author":3,"featured_media":3215,"comment_status":"open","ping_status":"closed","sticky":true,"template":"","format":"standard","meta":{"ngg_post_thumbnail":0,"footnotes":""},"categories":[7],"tags":[35,34,10,14],"class_list":{"0":"post-3206","1":"post","2":"type-post","3":"status-publish","4":"format-standard","5":"has-post-thumbnail","7":"category-news","8":"tag-canti","9":"tag-danze","10":"tag-diversamente-abili","11":"tag-musica","12":"czr-hentry"},"_links":{"self":[{"href":"https:\/\/amicidiriccardo.it\/index.php?rest_route=\/wp\/v2\/posts\/3206","targetHints":{"allow":["GET"]}}],"collection":[{"href":"https:\/\/amicidiriccardo.it\/index.php?rest_route=\/wp\/v2\/posts"}],"about":[{"href":"https:\/\/amicidiriccardo.it\/index.php?rest_route=\/wp\/v2\/types\/post"}],"author":[{"embeddable":true,"href":"https:\/\/amicidiriccardo.it\/index.php?rest_route=\/wp\/v2\/users\/3"}],"replies":[{"embeddable":true,"href":"https:\/\/amicidiriccardo.it\/index.php?rest_route=%2Fwp%2Fv2%2Fcomments&post=3206"}],"version-history":[{"count":4,"href":"https:\/\/amicidiriccardo.it\/index.php?rest_route=\/wp\/v2\/posts\/3206\/revisions"}],"predecessor-version":[{"id":3216,"href":"https:\/\/amicidiriccardo.it\/index.php?rest_route=\/wp\/v2\/posts\/3206\/revisions\/3216"}],"wp:featuredmedia":[{"embeddable":true,"href":"https:\/\/amicidiriccardo.it\/index.php?rest_route=\/wp\/v2\/media\/3215"}],"wp:attachment":[{"href":"https:\/\/amicidiriccardo.it\/index.php?rest_route=%2Fwp%2Fv2%2Fmedia&parent=3206"}],"wp:term":[{"taxonomy":"category","embeddable":true,"href":"https:\/\/amicidiriccardo.it\/index.php?rest_route=%2Fwp%2Fv2%2Fcategories&post=3206"},{"taxonomy":"post_tag","embeddable":true,"href":"https:\/\/amicidiriccardo.it\/index.php?rest_route=%2Fwp%2Fv2%2Ftags&post=3206"}],"curies":[{"name":"wp","href":"https:\/\/api.w.org\/{rel}","templated":true}]}}