{"id":2682,"date":"2019-01-26T20:30:57","date_gmt":"2019-01-26T18:30:57","guid":{"rendered":"http:\/\/www.amicidiriccardo.it\/?p=2682"},"modified":"2019-01-26T22:25:25","modified_gmt":"2019-01-26T20:25:25","slug":"il-giorno-della-memoria-6","status":"publish","type":"post","link":"https:\/\/amicidiriccardo.it\/?p=2682","title":{"rendered":"Il Giorno della Memoria &#8211; 27 gennaio 2019"},"content":{"rendered":"\n<p><em>\u201cL&#8217;indifferenza \u00e8 pi\u00f9 colpevole della violenza stessa. \u00c8 l&#8217;apatia morale di chi si volta dall&#8217;altra parte: succede anche oggi verso il razzismo e altri orrori del mondo. La memoria vale proprio come vaccino contro l&#8217;indifferenza.\u201d<br> (<\/em>Liliana Segre)<\/p>\n\n\n\n<p>Lettera alla Madre\u00a0 &#8211;\u00a0 frammento. <br>(Monika\u00a0 Dombke,\u00a0 Birkenau, 1943) <\/p>\n\n\n\n<p>\u2026Fili elettrici, alti e doppi, non ti lasceranno mai pi\u00f9 rivedere tua figlia, Mamma. Non credere alle mie lettere censurate,\u00a0 ben diversa \u00e8 la verit\u00e0; ma non piangere, Mamma. E se vuoi seguire le tracce di tua figlia\u00a0 non chiedere a nessuno, non bussare a nessuna porta: cerca le ceneri nei campi di Auschwitz, le troverai l\u00ec. Ma non piangere, qui c\u2019\u00e8 gi\u00e0 troppa amarezza. E se vuoi scoprire le tracce di tua figlia cerca le ceneri nei campi di Birkenau: saranno l\u00ec. Cerca, cerca le ceneri\u00a0 nei campi di Auschwitz, nei boschi di Birkenau. Cerca le ceneri, Mamma, io sar\u00f2 l\u00ec!  <\/p>\n\n\n\n<figure class=\"wp-block-image\"><img decoding=\"async\" src=\"https:\/\/amicidiriccardo.it\/wp-content\/uploads\/2019\/01\/Il-giorno-della-memoria-2019-a-e1548527024221.jpg\" alt=\"\" class=\"wp-image-2680\"\/><\/figure>\n","protected":false},"excerpt":{"rendered":"<p>\u201cL&#8217;indifferenza \u00e8 pi\u00f9 colpevole della violenza stessa. \u00c8 l&#8217;apatia morale di chi si volta dall&#8217;altra parte: succede anche oggi verso il razzismo e altri orrori del mondo. La memoria vale proprio come vaccino contro l&#8217;indifferenza.\u201d (Liliana Segre) Lettera alla Madre\u00a0 &#8211;\u00a0 frammento. (Monika\u00a0 Dombke,\u00a0 Birkenau, 1943) \u2026Fili elettrici, alti e doppi, non ti lasceranno mai [&hellip;]<\/p>\n","protected":false},"author":3,"featured_media":2680,"comment_status":"open","ping_status":"closed","sticky":false,"template":"","format":"standard","meta":{"ngg_post_thumbnail":0,"footnotes":""},"categories":[7],"tags":[33],"class_list":{"0":"post-2682","1":"post","2":"type-post","3":"status-publish","4":"format-standard","5":"has-post-thumbnail","7":"category-news","8":"tag-memoria","9":"czr-hentry"},"_links":{"self":[{"href":"https:\/\/amicidiriccardo.it\/index.php?rest_route=\/wp\/v2\/posts\/2682","targetHints":{"allow":["GET"]}}],"collection":[{"href":"https:\/\/amicidiriccardo.it\/index.php?rest_route=\/wp\/v2\/posts"}],"about":[{"href":"https:\/\/amicidiriccardo.it\/index.php?rest_route=\/wp\/v2\/types\/post"}],"author":[{"embeddable":true,"href":"https:\/\/amicidiriccardo.it\/index.php?rest_route=\/wp\/v2\/users\/3"}],"replies":[{"embeddable":true,"href":"https:\/\/amicidiriccardo.it\/index.php?rest_route=%2Fwp%2Fv2%2Fcomments&post=2682"}],"version-history":[{"count":2,"href":"https:\/\/amicidiriccardo.it\/index.php?rest_route=\/wp\/v2\/posts\/2682\/revisions"}],"predecessor-version":[{"id":2686,"href":"https:\/\/amicidiriccardo.it\/index.php?rest_route=\/wp\/v2\/posts\/2682\/revisions\/2686"}],"wp:featuredmedia":[{"embeddable":true,"href":"https:\/\/amicidiriccardo.it\/index.php?rest_route=\/wp\/v2\/media\/2680"}],"wp:attachment":[{"href":"https:\/\/amicidiriccardo.it\/index.php?rest_route=%2Fwp%2Fv2%2Fmedia&parent=2682"}],"wp:term":[{"taxonomy":"category","embeddable":true,"href":"https:\/\/amicidiriccardo.it\/index.php?rest_route=%2Fwp%2Fv2%2Fcategories&post=2682"},{"taxonomy":"post_tag","embeddable":true,"href":"https:\/\/amicidiriccardo.it\/index.php?rest_route=%2Fwp%2Fv2%2Ftags&post=2682"}],"curies":[{"name":"wp","href":"https:\/\/api.w.org\/{rel}","templated":true}]}}