{"id":2555,"date":"2018-12-02T15:46:56","date_gmt":"2018-12-02T13:46:56","guid":{"rendered":"http:\/\/www.amicidiriccardo.it\/?p=2555"},"modified":"2018-12-02T15:47:28","modified_gmt":"2018-12-02T13:47:28","slug":"premio-riccardo-domenici-2019-ringraziamenti-alle-scuole-primarie-icpg-8","status":"publish","type":"post","link":"https:\/\/amicidiriccardo.it\/?p=2555","title":{"rendered":"Premio Riccardo Domenici 2019 -Ringraziamenti  alle Scuole Primarie ICPg 8"},"content":{"rendered":"<p>L\u2019Associazione Amici di Riccardo Domenici ringrazia le insegnanti e gli alunni delle classi seconde, terze e quarte della <strong>Scuola Primaria Lambruschini Moduli, Lambruschini Tempo Pieno di Ferro di Cavallo e Don Dario Pasquini di Olmo<\/strong> &#8211; <strong>Istituto Comprensivo Perugia 8<\/strong> \u2013 per aver accolto l\u2019invito a partecipare al 4\u00b0 Premio Riccardo Domenici dal titolo <strong>\u201dAmicizia uomo e cetacei: risorsa per le generazioni future\u201d<\/strong>, indetto per l\u2019anno scolastico 2018\/2019<br \/>\nIl Premio Riccardo Domenici invita quest\u2019anno i bambini a compiere un viaggio immaginario in barca a vela verso l\u2019area marina protetta denominata il Santuario dei Cetacei per incontrare e conoscere i delfini, le balene, i capodogli e i grampi; per comprendere che queste affascinati creature non sono state create solo per il divertimento dell\u2019uomo ma per condividere con lui un ambiente, oggi pi\u00f9 che mai, bisognoso di cura, rispetto e protezione; per prendere coscienza che solo attraverso una condotta corretta ed appropriata sar\u00e0 possibile difendere la biodiversit\u00e0 garantendo cos\u00ec la continuit\u00e0 della vita, in ogni sua forma.<\/p>\n<p><a href=\"https:\/\/amicidiriccardo.it\/?attachment_id=2557\" rel=\"attachment wp-att-2557\"><img loading=\"lazy\" decoding=\"async\" width=\"960\" height=\"720\" class=\"alignnone size-full wp-image-2557\" alt=\"\" src=\"https:\/\/amicidiriccardo.it\/wp-content\/uploads\/2018\/12\/Per-fb-cetacei-scuole-2018.jpg\" srcset=\"https:\/\/amicidiriccardo.it\/wp-content\/uploads\/2018\/12\/Per-fb-cetacei-scuole-2018.jpg 960w, https:\/\/amicidiriccardo.it\/wp-content\/uploads\/2018\/12\/Per-fb-cetacei-scuole-2018-300x225.jpg 300w, https:\/\/amicidiriccardo.it\/wp-content\/uploads\/2018\/12\/Per-fb-cetacei-scuole-2018-768x576.jpg 768w\" sizes=\"auto, (max-width: 960px) 100vw, 960px\" \/><\/a><\/p>\n","protected":false},"excerpt":{"rendered":"<p>L\u2019Associazione Amici di Riccardo Domenici ringrazia le insegnanti e gli alunni delle classi seconde, terze e quarte della Scuola Primaria Lambruschini Moduli, Lambruschini Tempo Pieno di Ferro di Cavallo e Don Dario Pasquini di Olmo &#8211; Istituto Comprensivo Perugia 8 \u2013 per aver accolto l\u2019invito a partecipare al 4\u00b0 Premio Riccardo Domenici dal titolo \u201dAmicizia [&hellip;]<\/p>\n","protected":false},"author":3,"featured_media":2561,"comment_status":"open","ping_status":"closed","sticky":false,"template":"","format":"standard","meta":{"ngg_post_thumbnail":0,"footnotes":""},"categories":[7],"tags":[12,30,23,22,21],"class_list":{"0":"post-2555","1":"post","2":"type-post","3":"status-publish","4":"format-standard","5":"has-post-thumbnail","7":"category-news","8":"tag-amici-di-riccardo","9":"tag-amicizia","10":"tag-delfini","11":"tag-scuola","12":"tag-solidarieta","13":"czr-hentry"},"_links":{"self":[{"href":"https:\/\/amicidiriccardo.it\/index.php?rest_route=\/wp\/v2\/posts\/2555","targetHints":{"allow":["GET"]}}],"collection":[{"href":"https:\/\/amicidiriccardo.it\/index.php?rest_route=\/wp\/v2\/posts"}],"about":[{"href":"https:\/\/amicidiriccardo.it\/index.php?rest_route=\/wp\/v2\/types\/post"}],"author":[{"embeddable":true,"href":"https:\/\/amicidiriccardo.it\/index.php?rest_route=\/wp\/v2\/users\/3"}],"replies":[{"embeddable":true,"href":"https:\/\/amicidiriccardo.it\/index.php?rest_route=%2Fwp%2Fv2%2Fcomments&post=2555"}],"version-history":[{"count":2,"href":"https:\/\/amicidiriccardo.it\/index.php?rest_route=\/wp\/v2\/posts\/2555\/revisions"}],"predecessor-version":[{"id":2558,"href":"https:\/\/amicidiriccardo.it\/index.php?rest_route=\/wp\/v2\/posts\/2555\/revisions\/2558"}],"wp:featuredmedia":[{"embeddable":true,"href":"https:\/\/amicidiriccardo.it\/index.php?rest_route=\/wp\/v2\/media\/2561"}],"wp:attachment":[{"href":"https:\/\/amicidiriccardo.it\/index.php?rest_route=%2Fwp%2Fv2%2Fmedia&parent=2555"}],"wp:term":[{"taxonomy":"category","embeddable":true,"href":"https:\/\/amicidiriccardo.it\/index.php?rest_route=%2Fwp%2Fv2%2Fcategories&post=2555"},{"taxonomy":"post_tag","embeddable":true,"href":"https:\/\/amicidiriccardo.it\/index.php?rest_route=%2Fwp%2Fv2%2Ftags&post=2555"}],"curies":[{"name":"wp","href":"https:\/\/api.w.org\/{rel}","templated":true}]}}