{"id":2124,"date":"2018-01-30T20:27:38","date_gmt":"2018-01-30T18:27:38","guid":{"rendered":"http:\/\/www.amicidiriccardo.it\/?p=2124"},"modified":"2018-01-30T20:31:23","modified_gmt":"2018-01-30T18:31:23","slug":"spettacolo-capodarco-in-musica-3","status":"publish","type":"post","link":"https:\/\/amicidiriccardo.it\/?p=2124","title":{"rendered":"Spettacolo Capodarco in Musica 3 di novembre 2017"},"content":{"rendered":"<p>Anche se in ritardo rispetto alla effettiva data dell\u2019evento, ci sembra bello pubblicare integralmente l\u2019articolo che <em><strong>Don Angelo Maria Fanucci<\/strong><\/em>, sacerdote di Gubbio, ha sentito l\u2019esigenza di inviare ai tutti giornali dell\u2019Umbria in occasione dello spettacolo musicale a cui ha assistito, <strong>\u201cCapodarco in Musica tre\u201d<\/strong> , tenuto dalle persone diversamente abili della <em>Comunit\u00e0 di Capodarco di Perugia<\/em> il 24 novembre 2017 all\u2019Oratorio di Santa Cecilia.<\/p>\n<p>UN EVENTO DI STRAORDINARIO SPESSORE UMANO E CULTURALE<br \/>\nUn evento di straordinario spessore umano e culturale ha avuto luogo venerd\u00ec 24 novembre, presso l&#8217;Oratorio di Santa Cecilia .<br \/>\nNella calda sala settecentesca di Via della Stella, con le sue pareti mosse, quasi ad accompagnare e facilitare l&#8217;esecuzione di composizioni musicali di grande valore che vengono eseguite al suo interno, con i suoi putti d&#8217;oro sospesi nell&#8217;aria ad ascoltare pieni di meraviglia, con i suoi balconi interni dai quali ammirare lo spettacolo in esecuzione da angolazioni sempre diverse, stavolta si \u00e8 avuto qualcosa di veramente nuovo: a partire dalle 17,30 la scena \u00e8 stata occupata da &#8220;Capodarco in Musica 3&#8221;, uno spettacolo eseguito dai disabili ospiti dalla Comunit\u00e0 di Capodarco di Perugia onlus.<br \/>\nMusica, canto e danza : tre attivit\u00e0 che sembrerebbero del tutto precluse a soggetti portatori di handicap gravi e a gravissimi , ma la tenacia intelligente ella Presidente Francesca Bond\u00ec e l&#8217;abilit\u00e0 preziosa e paziente di Barbara Abati, che insegna canto a quelli che continuano ad essere chiamati &#8220;ragazzi&#8221; anche quando di anni sul groppone ne hanno molti, insieme con la disponibilit\u00e0 di tanti amici, hanno fatto il miracolo.<br \/>\n\u00c8 stata una cosa veramente piacevole: erano 30 persone con disabilit\u00e0 psicofisica importante, che si muovevano a ritmo, cantavano, agitavano ritmicamente strisce colorate, frammisti a operatori e operatrici che, pur avendo qualifiche di varia natura grazie alle quali lavorano ogni giorno a costruire la stato di benessere di questi &#8220;ragazzi&#8221;, si sono prestati a cantare a danzare, coinvolti come \u201cpersone fra persone\u201d<br \/>\nEccolo, il segreto: &#8220;da perone a persone&#8221;. \u00c8 l&#8217;antropologia personalistica di Capodarco che supporta questo come tanti altri eventi che segnano la sua vita in questa o quella della tante comunit\u00e0 di accoglienza per disabili che Capodarco ha aperto un po&#8217; in tutta Italia. Prima che malati, i soggetti accolti sono persone, l&#8217;handicap non ha minimamente sminuito questa loro fondamentale dignit\u00e0.<br \/>\nE se sono persone, hanno il diritto di poter dare il meglio si se stesse dovunque questo sia possibile. \u00c8 poco, oggettivamente, quello che possono dare? Ma \u00e8 il tutto della loro esistenza compressa dalla malattia, ma sempre tesa ad uscirne verso la luce di una vita condivisa con gente che le sa accogliere, valorizzare ed amare ben al di l\u00e0 della menomazione fisica o psichica.<br \/>\nPer realizzare il suo bello spettacolo, la Comunit\u00e0 di Capodarco di Perugia ha potuto contare innanzitutto sui genitori dei &#8220;ragazzi&#8221;, che sono sempre stati vicini ai promotori della Comunit\u00e0 , per sostenerne le iniziative condividendone lo sforzo, e poi sul cofinanziamento dall&#8217;associazione perugina&#8221; Amici di Riccardo&#8221; che, sotto la presidenza di Orietta Domenici, ormai da 4 anni cofinanzia li progetti di musica sui quali la Capodarco di Perugia continua ad impegnarsi.<br \/>\nMa la citt\u00e0 intera deve stringersi introno a iniziative del genere, perch\u00e9 da come accoglie chi \u00e8 in difficolt\u00e0 si misura la civilt\u00e0 di un popolo. (don Angelo Fanucci, nel caso che voleste citarlo).<\/p>\n","protected":false},"excerpt":{"rendered":"<p>Anche se in ritardo rispetto alla effettiva data dell\u2019evento, ci sembra bello pubblicare integralmente l\u2019articolo che Don Angelo Maria Fanucci, sacerdote di Gubbio, ha sentito l\u2019esigenza di inviare ai tutti giornali dell\u2019Umbria in occasione dello spettacolo musicale a cui ha assistito, \u201cCapodarco in Musica tre\u201d , tenuto dalle persone diversamente abili della Comunit\u00e0 di Capodarco [&hellip;]<\/p>\n","protected":false},"author":3,"featured_media":1936,"comment_status":"open","ping_status":"closed","sticky":true,"template":"","format":"standard","meta":{"ngg_post_thumbnail":0,"footnotes":""},"categories":[7],"tags":[11,10,14,21],"class_list":{"0":"post-2124","1":"post","2":"type-post","3":"status-publish","4":"format-standard","5":"has-post-thumbnail","7":"category-news","8":"tag-capodarco","9":"tag-diversamente-abili","10":"tag-musica","11":"tag-solidarieta","12":"czr-hentry"},"_links":{"self":[{"href":"https:\/\/amicidiriccardo.it\/index.php?rest_route=\/wp\/v2\/posts\/2124","targetHints":{"allow":["GET"]}}],"collection":[{"href":"https:\/\/amicidiriccardo.it\/index.php?rest_route=\/wp\/v2\/posts"}],"about":[{"href":"https:\/\/amicidiriccardo.it\/index.php?rest_route=\/wp\/v2\/types\/post"}],"author":[{"embeddable":true,"href":"https:\/\/amicidiriccardo.it\/index.php?rest_route=\/wp\/v2\/users\/3"}],"replies":[{"embeddable":true,"href":"https:\/\/amicidiriccardo.it\/index.php?rest_route=%2Fwp%2Fv2%2Fcomments&post=2124"}],"version-history":[{"count":6,"href":"https:\/\/amicidiriccardo.it\/index.php?rest_route=\/wp\/v2\/posts\/2124\/revisions"}],"predecessor-version":[{"id":2131,"href":"https:\/\/amicidiriccardo.it\/index.php?rest_route=\/wp\/v2\/posts\/2124\/revisions\/2131"}],"wp:featuredmedia":[{"embeddable":true,"href":"https:\/\/amicidiriccardo.it\/index.php?rest_route=\/wp\/v2\/media\/1936"}],"wp:attachment":[{"href":"https:\/\/amicidiriccardo.it\/index.php?rest_route=%2Fwp%2Fv2%2Fmedia&parent=2124"}],"wp:term":[{"taxonomy":"category","embeddable":true,"href":"https:\/\/amicidiriccardo.it\/index.php?rest_route=%2Fwp%2Fv2%2Fcategories&post=2124"},{"taxonomy":"post_tag","embeddable":true,"href":"https:\/\/amicidiriccardo.it\/index.php?rest_route=%2Fwp%2Fv2%2Ftags&post=2124"}],"curies":[{"name":"wp","href":"https:\/\/api.w.org\/{rel}","templated":true}]}}