{"id":1978,"date":"2017-12-07T20:38:44","date_gmt":"2017-12-07T18:38:44","guid":{"rendered":"http:\/\/www.amicidiriccardo.it\/?p=1978"},"modified":"2017-12-07T22:20:13","modified_gmt":"2017-12-07T20:20:13","slug":"e-tempo-di-attesa","status":"publish","type":"post","link":"https:\/\/amicidiriccardo.it\/?p=1978","title":{"rendered":"E&#8217; tempo di&#8230;Attesa &#8211; Natale 2017"},"content":{"rendered":"<p>Due parole sul Natale.<br \/>\n<a href=\"https:\/\/amicidiriccardo.it\/?attachment_id=1979\" rel=\"attachment wp-att-1979\"><img loading=\"lazy\" decoding=\"async\" width=\"300\" height=\"212\" class=\"alignnone size-medium wp-image-1979\" alt=\"\" src=\"https:\/\/amicidiriccardo.it\/wp-content\/uploads\/2017\/12\/natale-2017-300x212.jpg\"><\/a><\/p>\n<p>Nella liturgia cristiana, l\u2019origine della festa del Natale \u00e8 stata molto discussa. Ignorata nei primi tre secoli, solo intorno alla met\u00e0 del secolo IV comparve a Roma la sua celebrazione, fissata al 25 dicembre, giorno in cui i pagani celebravano il solstizio d\u2019inverno.<br \/>\nIl solstizio d\u2019inverno che cade intorno al 21 dicembre, in astronomia \u00e8 il momento in cui il sole raggiunge la sua minima declinazione nel suo moto apparente lungo l\u2019eclittica. In quel giorno si ha cio\u00e8 la notte pi\u00f9 lunga dell\u2019anno.<br \/>\nDal 22 dicembre, le ore di luce aumentano con gradualit\u00e0, fino ad arrivare al massimo il 22 di giugno, ovvero con il solstizio di estate.<br \/>\nPoich\u00e9 dal giorno ventuno s\u2019inizia a uscire dal lungo e buio periodo invernale, per entrare in una fase sempre pi\u00f9 ricca di luce, i popoli antichi adottarono l\u2019usanza di festeggiare il nuovo ciclo con ringraziamenti alle divinit\u00e0 in cui credevano.<br \/>\nIl fenomeno del solstizio diventa ben visibile intorno al 25 dicembre, in altre parole solo qualche giorno dopo il ventuno, per cui le popolazioni antiche officiavano proprio quella data come la rinascita del sole e conseguentemente la rinascita della vita sulla terra.<br \/>\nAltre popolazioni addirittura, lo identificavano come giorno della nascita del loro dio. Basti pensare a Osiride in Egitto, a Mitra in Persia, a Quetzalc\u00f3atl in Messico, a Krishna in India, e tanti altri ancora, tutte divinit\u00e0 simboleggianti il sole, la luce.<br \/>\nMa veniamo alla celebrazione del Natale, inteso come nascita di Ges\u00f9 il Cristo, sceso sulla terra, come ci insegna la cristianit\u00e0, per la salvezza dell\u2019umanit\u00e0.<br \/>\nNon esistono dati certi sul giorno esatto della sua nascita, perch\u00e9 dalla lettura dei vangeli, si apprendono solo alcune notizie riguardanti l\u2019evento straordinario, tra cui l\u2019apparire di una stella luminosissima sopra Betlemme, al tempo di re Erode, e l\u2019arrivo dei magi a Gerusalemme per adorare il Re dei Giudei, guidati proprio dalla luce di quella stella, veduta sorgere in Oriente. Nessuno ovviamente, pu\u00f2 avere la certezza e mai la potr\u00e0 avere, che le cose sia andate come descritto nei vangeli, anche se nel corso dei secoli gli astronomi attraverso complicati calcoli, hanno stabilito che il fenomeno di cui Matteo da notizia, possa essere avvenuto, per davvero.<br \/>\nQuasi sicuramente per\u00f2 i cristiani, rifacendosi a una credenza pagana, decisero di far coincidere la data della nascita di Ges\u00f9 col 25 dicembre, ovvero della rinascita del sole, affinch\u00e9 fosse ritenuto che il vero sole, era Cristo il Salvatore, in quanto unica e autentica luce per l\u2019umanit\u00e0.<br \/>\nDi l\u00e0 dall\u2019ipotesi fatta da molti critici che il racconto di Matteo sia solo simbolico con fortissime similitudini alle divinit\u00e0 antecedenti Ges\u00f9, non si pu\u00f2 non costatare e affermare che &#8220;solo i gesti e le parole di Ges\u00f9 sono unici e sempre completamente diversi da quelli che ci si attende da un Dio fatto da mano d\u2019uomo\u201d. (Natanson) (tratto dal libro Ipotesi su Ges\u00f9 di V. Messori)<br \/>\nSolo in Ges\u00f9, infatti, ci sono parole di compassione per i pi\u00f9 deboli, parole di fratellanza, di tolleranza e di perdono, parole di amore e di speranza. Parole capaci di far intravedere \u201cnon solo che la vita ha un senso, ma anche uno sbocco, che supera la stessa oscurit\u00e0 della morte\u201d. (Ripartiamo da Dio di C.M. Martini)<br \/>\nIl giorno di Natale dunque non pu\u00f2 non essere che un giorno da aspettare con gioia ed allegria. E\u2019 il giorno in cui il sole riacquisisce il vigore, indispensabile per la rinascita della vita sulla terra, \u00e8 il giorno in cui un bambino, chiamato Ges\u00f9, nasce alla vita per effondere nei cuori degli uomini la gioia, quella che apre al futuro e conduce alla pienezza della pace. (O.D.)<\/p>\n","protected":false},"excerpt":{"rendered":"<p>Due parole sul Natale. Nella liturgia cristiana, l\u2019origine della festa del Natale \u00e8 stata molto discussa. Ignorata nei primi tre secoli, solo intorno alla met\u00e0 del secolo IV comparve a Roma la sua celebrazione, fissata al 25 dicembre, giorno in cui i pagani celebravano il solstizio d\u2019inverno. Il solstizio d\u2019inverno che cade intorno al 21 [&hellip;]<\/p>\n","protected":false},"author":3,"featured_media":1979,"comment_status":"open","ping_status":"closed","sticky":false,"template":"","format":"standard","meta":{"ngg_post_thumbnail":0,"footnotes":""},"categories":[7],"tags":[12,18],"class_list":{"0":"post-1978","1":"post","2":"type-post","3":"status-publish","4":"format-standard","5":"has-post-thumbnail","7":"category-news","8":"tag-amici-di-riccardo","9":"tag-natale","10":"czr-hentry"},"_links":{"self":[{"href":"https:\/\/amicidiriccardo.it\/index.php?rest_route=\/wp\/v2\/posts\/1978","targetHints":{"allow":["GET"]}}],"collection":[{"href":"https:\/\/amicidiriccardo.it\/index.php?rest_route=\/wp\/v2\/posts"}],"about":[{"href":"https:\/\/amicidiriccardo.it\/index.php?rest_route=\/wp\/v2\/types\/post"}],"author":[{"embeddable":true,"href":"https:\/\/amicidiriccardo.it\/index.php?rest_route=\/wp\/v2\/users\/3"}],"replies":[{"embeddable":true,"href":"https:\/\/amicidiriccardo.it\/index.php?rest_route=%2Fwp%2Fv2%2Fcomments&post=1978"}],"version-history":[{"count":7,"href":"https:\/\/amicidiriccardo.it\/index.php?rest_route=\/wp\/v2\/posts\/1978\/revisions"}],"predecessor-version":[{"id":1987,"href":"https:\/\/amicidiriccardo.it\/index.php?rest_route=\/wp\/v2\/posts\/1978\/revisions\/1987"}],"wp:featuredmedia":[{"embeddable":true,"href":"https:\/\/amicidiriccardo.it\/index.php?rest_route=\/wp\/v2\/media\/1979"}],"wp:attachment":[{"href":"https:\/\/amicidiriccardo.it\/index.php?rest_route=%2Fwp%2Fv2%2Fmedia&parent=1978"}],"wp:term":[{"taxonomy":"category","embeddable":true,"href":"https:\/\/amicidiriccardo.it\/index.php?rest_route=%2Fwp%2Fv2%2Fcategories&post=1978"},{"taxonomy":"post_tag","embeddable":true,"href":"https:\/\/amicidiriccardo.it\/index.php?rest_route=%2Fwp%2Fv2%2Ftags&post=1978"}],"curies":[{"name":"wp","href":"https:\/\/api.w.org\/{rel}","templated":true}]}}