{"id":1930,"date":"2017-11-25T15:42:33","date_gmt":"2017-11-25T13:42:33","guid":{"rendered":"http:\/\/www.amicidiriccardo.it\/?p=1930"},"modified":"2017-11-25T15:45:35","modified_gmt":"2017-11-25T13:45:35","slug":"spettacolo-musicale-capodarco-in-musica-tre","status":"publish","type":"post","link":"https:\/\/amicidiriccardo.it\/?p=1930","title":{"rendered":"Spettacolo Musicale &#8220;Capodarco in Musica tre&#8221; 2017"},"content":{"rendered":"<p>Si \u00e8 tenuto ieri pomeriggio <strong>24 novembre 2017<\/strong>, presso l\u2019Auditorium del Santa Cecilia in Perugia, lo spettacolo musicale &#8220;Capodarco in Musica tre&#8221;, organizzato dalla Comunit\u00e0 di Capodarco di Perugia Onlus in collaborazione con l\u2019 Associazione Amici di Riccardo Domenici e con il patrocinio del Comune di Perugia.<\/p>\n<p>In una sala affollatissima, i protagonisti dello spettacolo, pi\u00f9 precisamente le persone diversamente abili della Comunit\u00e0 di Capodarco di Perugia Onlus &#8211; ospiti dei tre centri diurni e della casa famiglia dalla stessa gestiti &#8211; con il supporto degli operatori sociali, hanno cantato, suonato piccoli strumenti a percussione, e danzato creando una atmosfera dove, per circa due ore si \u00e8 respirato gioia di vivere, allegria, amore per la vita e dimostrando altres\u00ec, quanto la musica sia importante nei percorsi riabilitativi dei soggetti pi\u00f9 fragili.<\/p>\n<p>Eccelsa la direzione del saggio &#8220;Capodarco in Musica tre&#8221;, effettuata dalla Signora Barbara Abati, la cui sensibilit\u00e0, unita alla competenza, all\u2019amore per la musica, all\u2019 impegno e al credere che l\u2019impossibile sia possibile, hanno dato vita ad uno spettacolo che rester\u00e0 nei cuori del pubblico che ha preso parte all&#8217;iniziativa <a href=\"https:\/\/amicidiriccardo.it\/?attachment_id=1932\" rel=\"attachment wp-att-1932\"><img loading=\"lazy\" decoding=\"async\" width=\"300\" height=\"169\" class=\"size-medium wp-image-1932 alignleft\" alt=\"\" src=\"https:\/\/amicidiriccardo.it\/wp-content\/uploads\/2017\/11\/5-Capodarco-in-Musica-tre-300x169.jpg\" srcset=\"https:\/\/amicidiriccardo.it\/wp-content\/uploads\/2017\/11\/5-Capodarco-in-Musica-tre-300x169.jpg 300w, https:\/\/amicidiriccardo.it\/wp-content\/uploads\/2017\/11\/5-Capodarco-in-Musica-tre-528x297.jpg 528w, https:\/\/amicidiriccardo.it\/wp-content\/uploads\/2017\/11\/5-Capodarco-in-Musica-tre.jpg 653w\" sizes=\"auto, (max-width: 300px) 100vw, 300px\" \/><\/a> <a href=\"https:\/\/amicidiriccardo.it\/?attachment_id=1933\" rel=\"attachment wp-att-1933\"><img loading=\"lazy\" decoding=\"async\" width=\"300\" height=\"169\" class=\"size-medium wp-image-1933 alignleft\" alt=\"\" src=\"https:\/\/amicidiriccardo.it\/wp-content\/uploads\/2017\/11\/9-Capodarco-in-Musica-tre-300x169.jpg\" srcset=\"https:\/\/amicidiriccardo.it\/wp-content\/uploads\/2017\/11\/9-Capodarco-in-Musica-tre-300x169.jpg 300w, https:\/\/amicidiriccardo.it\/wp-content\/uploads\/2017\/11\/9-Capodarco-in-Musica-tre-528x297.jpg 528w, https:\/\/amicidiriccardo.it\/wp-content\/uploads\/2017\/11\/9-Capodarco-in-Musica-tre.jpg 653w\" sizes=\"auto, (max-width: 300px) 100vw, 300px\" \/><\/a>.<\/p>\n","protected":false},"excerpt":{"rendered":"<p>Si \u00e8 tenuto ieri pomeriggio 24 novembre 2017, presso l\u2019Auditorium del Santa Cecilia in Perugia, lo spettacolo musicale &#8220;Capodarco in Musica tre&#8221;, organizzato dalla Comunit\u00e0 di Capodarco di Perugia Onlus in collaborazione con l\u2019 Associazione Amici di Riccardo Domenici e con il patrocinio del Comune di Perugia. In una sala affollatissima, i protagonisti dello spettacolo, [&hellip;]<\/p>\n","protected":false},"author":3,"featured_media":1939,"comment_status":"open","ping_status":"closed","sticky":true,"template":"","format":"standard","meta":{"ngg_post_thumbnail":0,"footnotes":""},"categories":[6],"tags":[12,11,10,14],"class_list":{"0":"post-1930","1":"post","2":"type-post","3":"status-publish","4":"format-standard","5":"has-post-thumbnail","7":"category-eventi","8":"tag-amici-di-riccardo","9":"tag-capodarco","10":"tag-diversamente-abili","11":"tag-musica","12":"czr-hentry"},"_links":{"self":[{"href":"https:\/\/amicidiriccardo.it\/index.php?rest_route=\/wp\/v2\/posts\/1930","targetHints":{"allow":["GET"]}}],"collection":[{"href":"https:\/\/amicidiriccardo.it\/index.php?rest_route=\/wp\/v2\/posts"}],"about":[{"href":"https:\/\/amicidiriccardo.it\/index.php?rest_route=\/wp\/v2\/types\/post"}],"author":[{"embeddable":true,"href":"https:\/\/amicidiriccardo.it\/index.php?rest_route=\/wp\/v2\/users\/3"}],"replies":[{"embeddable":true,"href":"https:\/\/amicidiriccardo.it\/index.php?rest_route=%2Fwp%2Fv2%2Fcomments&post=1930"}],"version-history":[{"count":5,"href":"https:\/\/amicidiriccardo.it\/index.php?rest_route=\/wp\/v2\/posts\/1930\/revisions"}],"predecessor-version":[{"id":1941,"href":"https:\/\/amicidiriccardo.it\/index.php?rest_route=\/wp\/v2\/posts\/1930\/revisions\/1941"}],"wp:featuredmedia":[{"embeddable":true,"href":"https:\/\/amicidiriccardo.it\/index.php?rest_route=\/wp\/v2\/media\/1939"}],"wp:attachment":[{"href":"https:\/\/amicidiriccardo.it\/index.php?rest_route=%2Fwp%2Fv2%2Fmedia&parent=1930"}],"wp:term":[{"taxonomy":"category","embeddable":true,"href":"https:\/\/amicidiriccardo.it\/index.php?rest_route=%2Fwp%2Fv2%2Fcategories&post=1930"},{"taxonomy":"post_tag","embeddable":true,"href":"https:\/\/amicidiriccardo.it\/index.php?rest_route=%2Fwp%2Fv2%2Ftags&post=1930"}],"curies":[{"name":"wp","href":"https:\/\/api.w.org\/{rel}","templated":true}]}}