{"id":1786,"date":"2014-09-27T19:21:51","date_gmt":"2014-09-27T17:21:51","guid":{"rendered":"http:\/\/www.amicidiriccardo.it\/?p=1786"},"modified":"2017-11-07T19:23:06","modified_gmt":"2017-11-07T17:23:06","slug":"1786","status":"publish","type":"post","link":"https:\/\/amicidiriccardo.it\/?p=1786","title":{"rendered":"Premiazione GeniALE&#8230;SSI 2013\/2014 e Conferenza sui Cetacei"},"content":{"rendered":"<p>Questa mattina ,&nbsp; nell\u2019Aula Magna del&nbsp;<strong>Liceo G. Alessi<\/strong>&nbsp;, in presenza di numerosi studenti, si \u00e8 svolta, la cerimonia di premiazione dei vincitori del&nbsp;<strong>\u201cPremio GeniALE\u2026SSI edizione 2013 2014<\/strong>\u201d istituito dalla Associazione&nbsp;<strong>Amici di Riccardo Domenici e dal Liceo Scientifico Perugino G. Alessi<\/strong>.&nbsp; Nel corso della cerimonia, i cui dettagli sono sulla pagina eventi del sito, l\u2019Associazione Amici di Riccardo Domenici e il Liceo hanno invitato gli studenti a partecipare numerosi&nbsp; al premio&nbsp;<strong>GeniALE\u2026SSI edizione&nbsp; 2014 &#8211; 20<\/strong>15, sottolineando la volont\u00e0 a mantenerlo nel tempo.&nbsp;<br \/>\nNella sua breve prolusione alla cerimonia il&nbsp;<strong>Preside prof. Stella<\/strong>, ha motivato il perch\u00e9 della istituzione del Premio GeniALE\u2026SSI, paragonando il Liceo ad una grande famiglia i cui membri&nbsp; sono uniti da un vincolo di parentela perenne.&nbsp; Ha infatti sottolineato&nbsp; che tutti gli studenti , sia quelli che frequentano sia quelli che lo hanno frequentato e che come Riccardo sono prematuramente scomparsi,&nbsp; resteranno per sempre allievi di quell\u2019istituto.&nbsp;&nbsp;<br \/>\nE\u2019 intervenuta poi la&nbsp;<strong>Vice Preside prof.ssa Crisafi<\/strong>&nbsp;che parlando pi\u00f9 specificatamente del premio teso a promuovere la genialit\u00e0 e la creativit\u00e0 degli studenti ne ha evidenziato la coerenza con la personalit\u00e0 propria di Riccardo, ragazzo che ha saputo coniugare in un arco seppur breve di vita, sete di conoscenza , voglia di&nbsp; mettersi alla prova ,unite a sensibilit\u00e0 e attenzione per il prossimo specie se meno fortunato, la natura e amore per la musica.<br \/>\nLa Prof. Crisafi ha dato poi&nbsp; la parola al Presidente della Associazione Amici di Riccardo Domenici, sig.ra Orietta Dolcetti,&nbsp; la quale dopo una rapida presentazione delle numerose attivit\u00e0 associative svolte nel rispetto degli ideali ed interessi di Riccardo, insieme all\u2019 ing. Leonardo Lagan\u00e0 e ing.&nbsp; Lorenzo Dagioni, soci fondatori dell\u2019Associazione, nonch\u00e9 amici di Riccardo e ex studenti del Liceo, ha consegnato il&nbsp; premio ex equo ai vincitori finalisti che sono risultati essere:<br \/>\n<strong>Adebanjo Ganiyat Adenike Rali,&nbsp; Bellucci Riccardo Sihua<\/strong>&nbsp;per il progetto&nbsp;<strong>\u201cEasy Carry<\/strong>\u201d,&nbsp; e&nbsp;<strong>Lorenzo Barba<\/strong>&nbsp;per il progetto&nbsp;<strong>\u201cTuta Fotovoltaica\u201d.<\/strong><br \/>\nI ragazzi vincitori sono stati poi invitati a fare una breve illustrazione dei progetti ideati.<br \/>\nAl termine della premiazione Il Presidente dell\u2019Associazione ha quindi presentato, dando loro la parola,&nbsp;&nbsp;<strong>Daniela Silvia Pace e a Barbara Mussi<\/strong>&nbsp;rispettivamente&nbsp; Presidente e Vice Presidente della Organizzazione Oceano Mare Delphis invitate appositamente alla cerimonia per una loro conferenza sui cetacei, pi\u00f9 specificatamente sull\u2019impatto del rumore sui mammiferi marini.<br \/>\nDinanzi ad un pubblico molto attento le due relatrici hanno parlato per oltre un\u2019ora e mezzo di cetacei, svelandone&nbsp; comportamenti&nbsp; non sempre conosciuti, e mettendo soprattutto in evidenza l\u2019impatto che il rumore pu\u00f2 avere sulle popolazioni marine e le possibili soluzioni per contenere i danni conseguenti da dosi massicce di rumore nell\u2019ambiente. Hanno poi illustrato la loro specifica esperienza su questo tema nei quasi tre anni di monitoraggio nel mare dell\u2019isola del Giglio durante la rimozione della Costa Concordia.<\/p>\n","protected":false},"excerpt":{"rendered":"<p>Questa mattina ,&nbsp; nell\u2019Aula Magna del&nbsp;Liceo G. Alessi&nbsp;, in presenza di numerosi studenti, si \u00e8 svolta, la cerimonia di premiazione dei vincitori del&nbsp;\u201cPremio GeniALE\u2026SSI edizione 2013 2014\u201d istituito dalla Associazione&nbsp;Amici di Riccardo Domenici e dal Liceo Scientifico Perugino G. Alessi.&nbsp; Nel corso della cerimonia, i cui dettagli sono sulla pagina eventi del sito, l\u2019Associazione Amici [&hellip;]<\/p>\n","protected":false},"author":2,"featured_media":1787,"comment_status":"open","ping_status":"closed","sticky":false,"template":"","format":"standard","meta":{"ngg_post_thumbnail":0,"footnotes":""},"categories":[6],"tags":[],"class_list":{"0":"post-1786","1":"post","2":"type-post","3":"status-publish","4":"format-standard","5":"has-post-thumbnail","7":"category-eventi","8":"czr-hentry"},"_links":{"self":[{"href":"https:\/\/amicidiriccardo.it\/index.php?rest_route=\/wp\/v2\/posts\/1786","targetHints":{"allow":["GET"]}}],"collection":[{"href":"https:\/\/amicidiriccardo.it\/index.php?rest_route=\/wp\/v2\/posts"}],"about":[{"href":"https:\/\/amicidiriccardo.it\/index.php?rest_route=\/wp\/v2\/types\/post"}],"author":[{"embeddable":true,"href":"https:\/\/amicidiriccardo.it\/index.php?rest_route=\/wp\/v2\/users\/2"}],"replies":[{"embeddable":true,"href":"https:\/\/amicidiriccardo.it\/index.php?rest_route=%2Fwp%2Fv2%2Fcomments&post=1786"}],"version-history":[{"count":2,"href":"https:\/\/amicidiriccardo.it\/index.php?rest_route=\/wp\/v2\/posts\/1786\/revisions"}],"predecessor-version":[{"id":1789,"href":"https:\/\/amicidiriccardo.it\/index.php?rest_route=\/wp\/v2\/posts\/1786\/revisions\/1789"}],"wp:featuredmedia":[{"embeddable":true,"href":"https:\/\/amicidiriccardo.it\/index.php?rest_route=\/wp\/v2\/media\/1787"}],"wp:attachment":[{"href":"https:\/\/amicidiriccardo.it\/index.php?rest_route=%2Fwp%2Fv2%2Fmedia&parent=1786"}],"wp:term":[{"taxonomy":"category","embeddable":true,"href":"https:\/\/amicidiriccardo.it\/index.php?rest_route=%2Fwp%2Fv2%2Fcategories&post=1786"},{"taxonomy":"post_tag","embeddable":true,"href":"https:\/\/amicidiriccardo.it\/index.php?rest_route=%2Fwp%2Fv2%2Ftags&post=1786"}],"curies":[{"name":"wp","href":"https:\/\/api.w.org\/{rel}","templated":true}]}}