{"id":1738,"date":"2015-10-07T18:56:24","date_gmt":"2015-10-07T16:56:24","guid":{"rendered":"http:\/\/www.amicidiriccardo.it\/?p=1738"},"modified":"2017-11-07T18:57:22","modified_gmt":"2017-11-07T16:57:22","slug":"libri-scolastici-e-solidarieta-4","status":"publish","type":"post","link":"https:\/\/amicidiriccardo.it\/?p=1738","title":{"rendered":"Libri scolastici e solidariet\u00e0"},"content":{"rendered":"<p>Anche quest\u2019anno, in apertura dell\u2019anno scolastico,&nbsp; l\u2019Associazione &#8220;<strong>Amici di Riccardo Domenici&#8221;<\/strong>,&nbsp;ha voluto dare concretezza ai sentimenti di generosit\u00e0 e attenzione verso le persone in difficolt\u00e0 appartenuti a&nbsp;<strong>Riccardo<\/strong>, elargendo&nbsp; un contributo economico&nbsp; per&nbsp; l\u2019acquisto di libri scolastici&nbsp; a tre studenti di scuola media superiore di Perugia, bisognosi di aiuto.<br \/>\nLe famiglie degli studenti in difficolt\u00e0 economica,&nbsp;&nbsp;nell\u2019incontro col&nbsp; Presidente dell\u2019Associazione avvenuto&nbsp; venerd\u00ec 9 ottobre e marted\u00ec&nbsp; 12 ottobre 2015&nbsp;, hanno manifestato enorme gratitudine e riconoscenza per l\u2019aiuto ricevuto,&nbsp; inaspettatamente&nbsp; capace di illuminare&nbsp; un momento di buio sceso nel loro vissuto.<br \/>\nLa piccola opera di carit\u00e0 \u00e8 stata altres\u00ec capace di riempire di gioia l\u2019Associazione, dimostrando quanta ricompensa scaturisca dall\u2019atto del \u201cdare\u201d.<\/p>\n","protected":false},"excerpt":{"rendered":"<p>Anche quest\u2019anno, in apertura dell\u2019anno scolastico,&nbsp; l\u2019Associazione &#8220;Amici di Riccardo Domenici&#8221;,&nbsp;ha voluto dare concretezza ai sentimenti di generosit\u00e0 e attenzione verso le persone in difficolt\u00e0 appartenuti a&nbsp;Riccardo, elargendo&nbsp; un contributo economico&nbsp; per&nbsp; l\u2019acquisto di libri scolastici&nbsp; a tre studenti di scuola media superiore di Perugia, bisognosi di aiuto. Le famiglie degli studenti in difficolt\u00e0 economica,&nbsp;&nbsp;nell\u2019incontro [&hellip;]<\/p>\n","protected":false},"author":2,"featured_media":424,"comment_status":"open","ping_status":"closed","sticky":false,"template":"","format":"standard","meta":{"ngg_post_thumbnail":0,"footnotes":""},"categories":[6],"tags":[],"class_list":{"0":"post-1738","1":"post","2":"type-post","3":"status-publish","4":"format-standard","5":"has-post-thumbnail","7":"category-eventi","8":"czr-hentry"},"_links":{"self":[{"href":"https:\/\/amicidiriccardo.it\/index.php?rest_route=\/wp\/v2\/posts\/1738","targetHints":{"allow":["GET"]}}],"collection":[{"href":"https:\/\/amicidiriccardo.it\/index.php?rest_route=\/wp\/v2\/posts"}],"about":[{"href":"https:\/\/amicidiriccardo.it\/index.php?rest_route=\/wp\/v2\/types\/post"}],"author":[{"embeddable":true,"href":"https:\/\/amicidiriccardo.it\/index.php?rest_route=\/wp\/v2\/users\/2"}],"replies":[{"embeddable":true,"href":"https:\/\/amicidiriccardo.it\/index.php?rest_route=%2Fwp%2Fv2%2Fcomments&post=1738"}],"version-history":[{"count":1,"href":"https:\/\/amicidiriccardo.it\/index.php?rest_route=\/wp\/v2\/posts\/1738\/revisions"}],"predecessor-version":[{"id":1739,"href":"https:\/\/amicidiriccardo.it\/index.php?rest_route=\/wp\/v2\/posts\/1738\/revisions\/1739"}],"wp:featuredmedia":[{"embeddable":true,"href":"https:\/\/amicidiriccardo.it\/index.php?rest_route=\/wp\/v2\/media\/424"}],"wp:attachment":[{"href":"https:\/\/amicidiriccardo.it\/index.php?rest_route=%2Fwp%2Fv2%2Fmedia&parent=1738"}],"wp:term":[{"taxonomy":"category","embeddable":true,"href":"https:\/\/amicidiriccardo.it\/index.php?rest_route=%2Fwp%2Fv2%2Fcategories&post=1738"},{"taxonomy":"post_tag","embeddable":true,"href":"https:\/\/amicidiriccardo.it\/index.php?rest_route=%2Fwp%2Fv2%2Ftags&post=1738"}],"curies":[{"name":"wp","href":"https:\/\/api.w.org\/{rel}","templated":true}]}}