{"id":1732,"date":"2015-12-21T18:53:01","date_gmt":"2015-12-21T16:53:01","guid":{"rendered":"http:\/\/www.amicidiriccardo.it\/?p=1732"},"modified":"2017-11-07T19:19:42","modified_gmt":"2017-11-07T17:19:42","slug":"4-premio-di-laurea-riccardo-domenici-ingegneria-informatica-ed-elettronica","status":"publish","type":"post","link":"https:\/\/amicidiriccardo.it\/?p=1732","title":{"rendered":"4\u00b0 Premio di Laurea Riccardo Domenici Ingegneria Informatica ed Elettronica"},"content":{"rendered":"<p align=\"justify\">Questa mattina,&nbsp;<strong>05 novembre 2015<\/strong>&nbsp;, nell\u2019Aula Magna del Dipartimento di<strong>Ingegneria&nbsp; dell\u2019Ateneo di Perugia<\/strong>, in occasione degli esami della sessione autunnale di Laurea, presieduta dal P<strong>rof. Paolo Valigi<\/strong>, si \u00e8 svolta, la cerimonia della consegna del Premio di Laurea al merito intitolato&nbsp; a&nbsp;<strong>Riccardo Domenici<\/strong>,&nbsp; gi\u00e0 studente della facolt\u00e0 di Ingegneria Elettronica.<\/p>\n<p align=\"justify\">Dopo una esaustiva presentazione da parte del Prof. Valigi circa il Premio istituito dalla Associazione&nbsp;<strong>Amici di Riccardo Domenici<\/strong>, giunto alla sua quarta edizione, Il Presidente Orietta Dolcetti, nel ricordo di Riccardo, dei suoi interessi e ideali&nbsp; e dei suoi sentimenti &#8211;&nbsp; a cui&nbsp; si ispirano&nbsp; le numerose iniziative associative rivolte ai giovani &#8211;&nbsp; ha consegnato il Premio di Laurea al&nbsp;<strong>Dott. Luca Giamminonni<\/strong>,&nbsp; prescelto dalla commissione universitaria preposta quale&nbsp; migliore laureato in Ingegneria Informatica ed Elettronica per&nbsp;<strong>l\u2019A.A. 2013\/2014<\/strong>, in virt\u00f9 del suo brillante curriculum. Il Dott. Giamminonni attualmente \u00e8 studente del&nbsp; Corso di Laurea Magistrale in Ingegneria Elettronica e dell&#8217;Automazione.<\/p>\n<p align=\"justify\">La cerimonia si \u00e8 conclusa con l\u2019augurio al&nbsp;<strong>Dott. Giamminonni<\/strong>,&nbsp; ma esteso anche a tutti gli altri studenti presenti nell\u2019Aula Magna, del raggiungimento di tutti gli obiettivi futuri prefissi.<\/p>\n","protected":false},"excerpt":{"rendered":"<p>Questa mattina,&nbsp;05 novembre 2015&nbsp;, nell\u2019Aula Magna del Dipartimento diIngegneria&nbsp; dell\u2019Ateneo di Perugia, in occasione degli esami della sessione autunnale di Laurea, presieduta dal Prof. Paolo Valigi, si \u00e8 svolta, la cerimonia della consegna del Premio di Laurea al merito intitolato&nbsp; a&nbsp;Riccardo Domenici,&nbsp; gi\u00e0 studente della facolt\u00e0 di Ingegneria Elettronica. Dopo una esaustiva presentazione da parte [&hellip;]<\/p>\n","protected":false},"author":2,"featured_media":1733,"comment_status":"open","ping_status":"closed","sticky":false,"template":"","format":"standard","meta":{"ngg_post_thumbnail":0,"footnotes":""},"categories":[6],"tags":[],"class_list":{"0":"post-1732","1":"post","2":"type-post","3":"status-publish","4":"format-standard","5":"has-post-thumbnail","7":"category-eventi","8":"czr-hentry"},"_links":{"self":[{"href":"https:\/\/amicidiriccardo.it\/index.php?rest_route=\/wp\/v2\/posts\/1732","targetHints":{"allow":["GET"]}}],"collection":[{"href":"https:\/\/amicidiriccardo.it\/index.php?rest_route=\/wp\/v2\/posts"}],"about":[{"href":"https:\/\/amicidiriccardo.it\/index.php?rest_route=\/wp\/v2\/types\/post"}],"author":[{"embeddable":true,"href":"https:\/\/amicidiriccardo.it\/index.php?rest_route=\/wp\/v2\/users\/2"}],"replies":[{"embeddable":true,"href":"https:\/\/amicidiriccardo.it\/index.php?rest_route=%2Fwp%2Fv2%2Fcomments&post=1732"}],"version-history":[{"count":1,"href":"https:\/\/amicidiriccardo.it\/index.php?rest_route=\/wp\/v2\/posts\/1732\/revisions"}],"predecessor-version":[{"id":1734,"href":"https:\/\/amicidiriccardo.it\/index.php?rest_route=\/wp\/v2\/posts\/1732\/revisions\/1734"}],"wp:featuredmedia":[{"embeddable":true,"href":"https:\/\/amicidiriccardo.it\/index.php?rest_route=\/wp\/v2\/media\/1733"}],"wp:attachment":[{"href":"https:\/\/amicidiriccardo.it\/index.php?rest_route=%2Fwp%2Fv2%2Fmedia&parent=1732"}],"wp:term":[{"taxonomy":"category","embeddable":true,"href":"https:\/\/amicidiriccardo.it\/index.php?rest_route=%2Fwp%2Fv2%2Fcategories&post=1732"},{"taxonomy":"post_tag","embeddable":true,"href":"https:\/\/amicidiriccardo.it\/index.php?rest_route=%2Fwp%2Fv2%2Ftags&post=1732"}],"curies":[{"name":"wp","href":"https:\/\/api.w.org\/{rel}","templated":true}]}}