{"id":1679,"date":"2017-01-25T18:16:17","date_gmt":"2017-01-25T16:16:17","guid":{"rendered":"http:\/\/www.amicidiriccardo.it\/?p=1679"},"modified":"2017-11-07T18:25:58","modified_gmt":"2017-11-07T16:25:58","slug":"una-goccia-di-solidarieta-2","status":"publish","type":"post","link":"https:\/\/amicidiriccardo.it\/?p=1679","title":{"rendered":"Una goccia di solidariet\u00e0"},"content":{"rendered":"<p>L\u2019Associazione Amici di Riccardo Domenici, nel rispetto degli ideali di generosit\u00e0 ed altruismo di Riccardo&nbsp; verso le persone pi\u00f9 fragili,&nbsp; ha deciso di continuare, anche nell\u2019anno 2017, ad aiutare una famiglia, con tre figli,&nbsp; residente a Perugia, in forte difficolt\u00e0 economica. Il contributo liberale devoluto dall\u2019Associazione \u00e8 a sostegno di cure riabilitative di uno dei figli in et\u00e0 scolare, affetto da grave disabilit\u00e0 motoria.<br \/>\nIl piccolo gesto di solidariet\u00e0 \u00e8 stato accolto con infinita gratitudine dai genitori con parole di apprezzamento per la luce apportata loro,&nbsp; in questo particolare momento di bisogno.<\/p>\n","protected":false},"excerpt":{"rendered":"<p>L\u2019Associazione Amici di Riccardo Domenici, nel rispetto degli ideali di generosit\u00e0 ed altruismo di Riccardo&nbsp; verso le persone pi\u00f9 fragili,&nbsp; ha deciso di continuare, anche nell\u2019anno 2017, ad aiutare una famiglia, con tre figli,&nbsp; residente a Perugia, in forte difficolt\u00e0 economica. Il contributo liberale devoluto dall\u2019Associazione \u00e8 a sostegno di cure riabilitative di uno dei [&hellip;]<\/p>\n","protected":false},"author":2,"featured_media":1680,"comment_status":"open","ping_status":"closed","sticky":false,"template":"","format":"standard","meta":{"ngg_post_thumbnail":0,"footnotes":""},"categories":[6],"tags":[],"class_list":{"0":"post-1679","1":"post","2":"type-post","3":"status-publish","4":"format-standard","5":"has-post-thumbnail","7":"category-eventi","8":"czr-hentry"},"_links":{"self":[{"href":"https:\/\/amicidiriccardo.it\/index.php?rest_route=\/wp\/v2\/posts\/1679","targetHints":{"allow":["GET"]}}],"collection":[{"href":"https:\/\/amicidiriccardo.it\/index.php?rest_route=\/wp\/v2\/posts"}],"about":[{"href":"https:\/\/amicidiriccardo.it\/index.php?rest_route=\/wp\/v2\/types\/post"}],"author":[{"embeddable":true,"href":"https:\/\/amicidiriccardo.it\/index.php?rest_route=\/wp\/v2\/users\/2"}],"replies":[{"embeddable":true,"href":"https:\/\/amicidiriccardo.it\/index.php?rest_route=%2Fwp%2Fv2%2Fcomments&post=1679"}],"version-history":[{"count":1,"href":"https:\/\/amicidiriccardo.it\/index.php?rest_route=\/wp\/v2\/posts\/1679\/revisions"}],"predecessor-version":[{"id":1681,"href":"https:\/\/amicidiriccardo.it\/index.php?rest_route=\/wp\/v2\/posts\/1679\/revisions\/1681"}],"wp:featuredmedia":[{"embeddable":true,"href":"https:\/\/amicidiriccardo.it\/index.php?rest_route=\/wp\/v2\/media\/1680"}],"wp:attachment":[{"href":"https:\/\/amicidiriccardo.it\/index.php?rest_route=%2Fwp%2Fv2%2Fmedia&parent=1679"}],"wp:term":[{"taxonomy":"category","embeddable":true,"href":"https:\/\/amicidiriccardo.it\/index.php?rest_route=%2Fwp%2Fv2%2Fcategories&post=1679"},{"taxonomy":"post_tag","embeddable":true,"href":"https:\/\/amicidiriccardo.it\/index.php?rest_route=%2Fwp%2Fv2%2Ftags&post=1679"}],"curies":[{"name":"wp","href":"https:\/\/api.w.org\/{rel}","templated":true}]}}